{"id":761078,"date":"2016-02-05T22:42:19","date_gmt":"2016-02-05T21:42:19","guid":{"rendered":"https:\/\/dailynewshungary.com\/de\/ausenminister-trifft-serbischen-amtskollegen-in-amsterdam\/"},"modified":"2016-02-05T22:42:19","modified_gmt":"2016-02-05T21:42:19","slug":"ausenminister-trifft-serbischen-amtskollegen-in-amsterdam","status":"publish","type":"post","link":"https:\/\/dailynewshungary.com\/de\/ausenminister-trifft-serbischen-amtskollegen-in-amsterdam\/","title":{"rendered":"Au\u00dfenminister trifft serbischen Amtskollegen in Amsterdam"},"content":{"rendered":"<p><strong>Budapest, 5. Februar (MTI) \u2013 Au\u00dfenminister P\u00e9ter Szijj\u00e1rt\u00f3 traf am Freitag in Amsterdam mit seinem serbischen Amtskollegen Ivica Dacic zusammen und die beiden diskutierten unter anderem \u00fcber wirtschaftliche Zusammenarbeit.<\/strong><\/p>\n<p>Die Minister befassten sich mit Fragen der Migrationskrise und einigten sich darauf, die Er\u00f6ffnung neuer Grenz\u00fcberg\u00e4nge zwischen ihren L\u00e4ndern zu beschleunigen. Sie \u00fcberpr\u00fcften auch die Fortschritte beim Eisenbahnmodernisierungsprojekt Budapest-Belgrad, sagte Szijj\u00e1rt\u00f3 am Telefon gegen\u00fcber MTI.<\/p>\n<p>Zuvor nahm Szijj\u00e1rt\u00f3 an einem informellen Treffen der Au\u00dfenminister der Europ\u00e4ischen Union in Amsterdam teil, bei dem Pl\u00e4ne f\u00fcr eine neue europ\u00e4ische Verteidigungsstrategie besprochen wurden.<\/p>\n<p>Bez\u00fcglich der neuen Strategie sagte Szijj\u00e1rt\u00f3, es sei von entscheidender Bedeutung, sich auf die Stabilit\u00e4t im Westbalkan und in den \u00f6stlichen Nachbarn der EU zu konzentrieren. Ungarn dr\u00e4ngt auf eine Beschleunigung der EU-Integration der ehemaligen Region und werde vorschlagen, die europ\u00e4ischen Sanktionen gegen Wei\u00dfrussland aufzuheben, sagte er Er schlug au\u00dferdem vor, dass die EU ihre Visumpflicht f\u00fcr B\u00fcrger Georgiens abschaffen sollte.<\/p>\n<p><em>Foto: MTI<\/em><\/p>\n","protected":false},"excerpt":{"rendered":"<p>Budapest, 5. Februar (MTI) \u2013 Au\u00dfenminister P\u00e9ter Szijj\u00e1rt\u00f3 traf am Freitag in Amsterdam mit seinem serbischen Amtskollegen Ivica Dacic zusammen und die beiden diskutierten unter anderem \u00fcber wirtschaftliche Zusammenarbeit. Die Minister befassten sich mit Fragen der Migrationskrise und einigten sich darauf, die Er\u00f6ffnung neuer Grenz\u00fcberg\u00e4nge zwischen ihren L\u00e4ndern zu beschleunigen. Sie \u00fcberpr\u00fcften auch die Fortschritte [&hellip;]<\/p>\n","protected":false},"author":2,"featured_media":761079,"comment_status":"open","ping_status":"open","sticky":false,"template":"","format":"standard","meta":{"_acf_changed":false,"_display_image":"","footnotes":""},"categories":[1081],"tags":[1470,1082,1445,1484],"class_list":["post-761078","post","type-post","status-publish","format-standard","has-post-thumbnail","hentry","category-politik","tag-ausenministerium-fur-ungarn","tag-europaische-union","tag-migration","tag-serbien"],"blocksy_meta":[],"acf":[],"author_username":"alk","telegram_post":"","public_post_metadata":{"breaking_news":"","important":"","csempe":"","center_tile":"","disable_thumbnail":"","target_lang":"","_featured_image_style":"","telegram_post":"","_xlat_group_id":""},"public_rank_math_data":{"title":"%title% %sep% %sitename%","description":"","focus_keyword":"","canonical_url":"","robots":"","primary_category":"1081","breadcrumb_title":"","facebook_title":"","facebook_description":"","facebook_image":"","facebook_image_id":"","twitter_title":"","twitter_description":"","twitter_image":"","twitter_image_id":"","twitter_card_type":"","twitter_use_facebook":"","advanced_robots":"","pillar_content":"","seo_score":"","contentai_score":"","rich_snippet":""},"_links":{"self":[{"href":"https:\/\/dailynewshungary.com\/de\/wp-json\/wp\/v2\/posts\/761078","targetHints":{"allow":["GET"]}}],"collection":[{"href":"https:\/\/dailynewshungary.com\/de\/wp-json\/wp\/v2\/posts"}],"about":[{"href":"https:\/\/dailynewshungary.com\/de\/wp-json\/wp\/v2\/types\/post"}],"author":[{"embeddable":true,"href":"https:\/\/dailynewshungary.com\/de\/wp-json\/wp\/v2\/users\/2"}],"replies":[{"embeddable":true,"href":"https:\/\/dailynewshungary.com\/de\/wp-json\/wp\/v2\/comments?post=761078"}],"version-history":[{"count":0,"href":"https:\/\/dailynewshungary.com\/de\/wp-json\/wp\/v2\/posts\/761078\/revisions"}],"wp:featuredmedia":[{"embeddable":true,"href":"https:\/\/dailynewshungary.com\/de\/wp-json\/wp\/v2\/media\/761079"}],"wp:attachment":[{"href":"https:\/\/dailynewshungary.com\/de\/wp-json\/wp\/v2\/media?parent=761078"}],"wp:term":[{"taxonomy":"category","embeddable":true,"href":"https:\/\/dailynewshungary.com\/de\/wp-json\/wp\/v2\/categories?post=761078"},{"taxonomy":"post_tag","embeddable":true,"href":"https:\/\/dailynewshungary.com\/de\/wp-json\/wp\/v2\/tags?post=761078"}],"curies":[{"name":"wp","href":"https:\/\/api.w.org\/{rel}","templated":true}]}}