{"id":761141,"date":"2016-02-03T20:37:44","date_gmt":"2016-02-03T19:37:44","guid":{"rendered":"https:\/\/dailynewshungary.com\/de\/ungarischer-ausenminister-lehnt-ep-prasident-beleidigungen-ab\/"},"modified":"2016-02-03T20:37:44","modified_gmt":"2016-02-03T19:37:44","slug":"ungarischer-ausenminister-lehnt-ep-prasident-beleidigungen-ab","status":"publish","type":"post","link":"https:\/\/dailynewshungary.com\/de\/ungarischer-ausenminister-lehnt-ep-prasident-beleidigungen-ab\/","title":{"rendered":"Ungarischer Au\u00dfenminister lehnt EP-Pr\u00e4sident \u2018Beleidigungen\u2019 ab"},"content":{"rendered":"<p><strong>Budapest, 3. Februar (MTI) \u2013 Au\u00dfenminister P\u00e9ter Szijjart\u00f3 wies am Mittwoch \u201cBeleidigungen\u201d gegen Ungarn durch den Pr\u00e4sidenten des Europ\u00e4ischen Parlaments Martin Schulz zur\u00fcck, der k\u00fcrzlich sagte, \u201cegoistische\u201d Handlungen bestimmter europ\u00e4ischer Regierungen, darunter auch die Ungarns, seien Teil des Grundes, warum die Europ\u00e4ische Union es bisher vers\u00e4umt habe, die Au\u00dfengrenzen des Blocks zu sichern.<\/strong><\/p>\n<p>Schulz sagte dem deutschen \u00f6ffentlich-rechtlichen Fernsehsender ARD am Mittwoch, dass Regierungen \u201cwie die Ungarns\u201d, die die Migrantenkrise als \u201cdeutsches Problem\u201d bezeichnen, ihre \u201cnationalistischen\u201d Interessen vor eine gemeinsame L\u00f6sung der Krise stellenEr sagte, es gebe 20 EU-Mitgliedstaaten, die nur an den Angelegenheiten der EU interessiert seien, wenn es um den Erhalt von Geld gehe.<\/p>\n<p>Szijj\u00e1rt\u00f3 antwortete, es sei \u201cwieder einmal deutlich geworden\u201d, dass Schulz einen \u201c\u00dcberlegenheitskomplex\u201d gegen\u00fcber den ost &#8211; und mitteleurop\u00e4ischen L\u00e4ndern habeDiese [Mittel] seien keine Almosen, sagte der Minister, Ungarn habe seine M\u00e4rkte f\u00fcr Europa ge\u00f6ffnet und alle seine Verpflichtungen gegen\u00fcber der EU erf\u00fcllt, wodurch es in Frage komme, EU-Mittel zu erhalten \u201cDiese [Mittel] sind keine Almosen\u201d, sagte er.<\/p>\n<p>Szijj\u00e1rt\u00f3 sagte, es handele sich um die \u201cst\u00e4ndig beleidigten\u201d Visegrad-Vier L\u00e4nder, die an einer L\u00f6sung f\u00fcr illegale Migration arbeiten, und wies darauf hin, dass Ungarn, die Slowakei, Polen und die Tschechische Republik Bulgarien und Mazedonien zu einem f\u00fcr den 15. Februar geplanten V4-Notgipfel zum Thema Migration eingeladen h\u00e4tten. Szijjarto sagte, Bulgarien und Mazedonien k\u00f6nnten Schl\u00fcsselakteure beim Schutz Europas vor dem massiven Migrantenstrom sein.<\/p>\n<p>\u201cW\u00e4hrend Martin Schulz auf eine Sackgasse zusteuert, setzen die V4-Staaten und ihre Partner alles daran, die illegale Migration einzud\u00e4mmen\u201d, sagte Szijjarto.<\/p>\n<p><em>Foto: kozpontban.hu<\/em><\/p>\n","protected":false},"excerpt":{"rendered":"<p>Budapest, 3. Februar (MTI) \u2013 Au\u00dfenminister P\u00e9ter Szijjart\u00f3 wies am Mittwoch \u201cBeleidigungen\u201d gegen Ungarn durch den Pr\u00e4sidenten des Europ\u00e4ischen Parlaments Martin Schulz zur\u00fcck, der k\u00fcrzlich sagte, \u201cegoistische\u201d Handlungen bestimmter europ\u00e4ischer Regierungen, darunter auch die Ungarns, seien Teil des Grundes, warum die Europ\u00e4ische Union es bisher vers\u00e4umt habe, die Au\u00dfengrenzen des Blocks zu sichern. Schulz sagte [&hellip;]<\/p>\n","protected":false},"author":2,"featured_media":761142,"comment_status":"open","ping_status":"open","sticky":false,"template":"","format":"standard","meta":{"_acf_changed":false,"_display_image":"","footnotes":""},"categories":[1081],"tags":[1169,1082,1445,1923],"class_list":["post-761141","post","type-post","status-publish","format-standard","has-post-thumbnail","hentry","category-politik","tag-aussenministerium-von-ungarn","tag-europaische-union","tag-migration","tag-visegrad-vier"],"blocksy_meta":[],"acf":[],"author_username":"alk","telegram_post":"","public_post_metadata":{"breaking_news":"","important":"","csempe":"","center_tile":"","disable_thumbnail":"","target_lang":"","_featured_image_style":"","telegram_post":"","_xlat_group_id":""},"public_rank_math_data":{"title":"%title% %sep% %sitename%","description":"","focus_keyword":"","canonical_url":"","robots":"","primary_category":"1081","breadcrumb_title":"","facebook_title":"","facebook_description":"","facebook_image":"","facebook_image_id":"","twitter_title":"","twitter_description":"","twitter_image":"","twitter_image_id":"","twitter_card_type":"","twitter_use_facebook":"","advanced_robots":"","pillar_content":"","seo_score":"","contentai_score":"","rich_snippet":""},"_links":{"self":[{"href":"https:\/\/dailynewshungary.com\/de\/wp-json\/wp\/v2\/posts\/761141","targetHints":{"allow":["GET"]}}],"collection":[{"href":"https:\/\/dailynewshungary.com\/de\/wp-json\/wp\/v2\/posts"}],"about":[{"href":"https:\/\/dailynewshungary.com\/de\/wp-json\/wp\/v2\/types\/post"}],"author":[{"embeddable":true,"href":"https:\/\/dailynewshungary.com\/de\/wp-json\/wp\/v2\/users\/2"}],"replies":[{"embeddable":true,"href":"https:\/\/dailynewshungary.com\/de\/wp-json\/wp\/v2\/comments?post=761141"}],"version-history":[{"count":0,"href":"https:\/\/dailynewshungary.com\/de\/wp-json\/wp\/v2\/posts\/761141\/revisions"}],"wp:featuredmedia":[{"embeddable":true,"href":"https:\/\/dailynewshungary.com\/de\/wp-json\/wp\/v2\/media\/761142"}],"wp:attachment":[{"href":"https:\/\/dailynewshungary.com\/de\/wp-json\/wp\/v2\/media?parent=761141"}],"wp:term":[{"taxonomy":"category","embeddable":true,"href":"https:\/\/dailynewshungary.com\/de\/wp-json\/wp\/v2\/categories?post=761141"},{"taxonomy":"post_tag","embeddable":true,"href":"https:\/\/dailynewshungary.com\/de\/wp-json\/wp\/v2\/tags?post=761141"}],"curies":[{"name":"wp","href":"https:\/\/api.w.org\/{rel}","templated":true}]}}