{"id":761189,"date":"2016-02-02T16:00:09","date_gmt":"2016-02-02T15:00:09","guid":{"rendered":"https:\/\/dailynewshungary.com\/de\/frontex-erhalt-zusatzliche-mittel-fur-den-eu-grenzschutz\/"},"modified":"2016-02-02T16:00:09","modified_gmt":"2016-02-02T15:00:09","slug":"frontex-erhalt-zusatzliche-mittel-fur-den-eu-grenzschutz","status":"publish","type":"post","link":"https:\/\/dailynewshungary.com\/de\/frontex-erhalt-zusatzliche-mittel-fur-den-eu-grenzschutz\/","title":{"rendered":"Frontex erh\u00e4lt zus\u00e4tzliche Mittel f\u00fcr den EU-Grenzschutz"},"content":{"rendered":"<p><strong>Budapest, 2. Februar (MTI) \u2013 Frontex, die Grenzkontrollbeh\u00f6rde der EU, habe letztes Jahr zus\u00e4tzliche Zuweisungen erhalten, um zur Bew\u00e4ltigung der beispiellosen Migrantenwelle beizutragen, sagte die Sprecherin der Agentur am Dienstag gegen\u00fcber dem \u00f6ffentlich-rechtlichen Sender Kossuth Radio.<\/strong><\/p>\n<p>Das anf\u00e4ngliche Budget der Agentur von 112 Millionen Euro f\u00fcr 2015 sei bis zum Jahresende um 30 Millionen Euro erh\u00f6ht worden, teilte Ewa Moncure mit und f\u00fcgte hinzu, dass ihnen in diesem Jahr 250 Millionen Euro zur Verf\u00fcgung st\u00fcnden.<\/p>\n<p>Frontex habe derzeit 15-16 Schiffe auf Rettungsmissionen vor den K\u00fcsten Italiens und weitere 16 in Griechenland, sagte sie.<\/p>\n<p>Die Agentur habe derzeit Beamte auf den griechischen Inseln und an der griechischen Seite der griechisch-mazedonischen Grenze im Einsatz, die bei der Registrierung von Migranten helfen, sagte Moncure.<\/p>\n<p><em>Foto: MTI<\/em><\/p>\n","protected":false},"excerpt":{"rendered":"<p>Budapest, 2. Februar (MTI) \u2013 Frontex, die Grenzkontrollbeh\u00f6rde der EU, habe letztes Jahr zus\u00e4tzliche Zuweisungen erhalten, um zur Bew\u00e4ltigung der beispiellosen Migrantenwelle beizutragen, sagte die Sprecherin der Agentur am Dienstag gegen\u00fcber dem \u00f6ffentlich-rechtlichen Sender Kossuth Radio. Das anf\u00e4ngliche Budget der Agentur von 112 Millionen Euro f\u00fcr 2015 sei bis zum Jahresende um 30 Millionen Euro [&hellip;]<\/p>\n","protected":false},"author":2,"featured_media":761190,"comment_status":"open","ping_status":"open","sticky":false,"template":"","format":"standard","meta":{"_acf_changed":false,"_display_image":"","footnotes":""},"categories":[1081],"tags":[1082,1445],"class_list":["post-761189","post","type-post","status-publish","format-standard","has-post-thumbnail","hentry","category-politik","tag-europaische-union","tag-migration"],"blocksy_meta":[],"acf":[],"author_username":"alk","telegram_post":"","public_post_metadata":{"breaking_news":"","important":"","csempe":"","center_tile":"","disable_thumbnail":"","target_lang":"","_featured_image_style":"","telegram_post":"","_xlat_group_id":""},"public_rank_math_data":{"title":"%title% %sep% %sitename%","description":"","focus_keyword":"","canonical_url":"","robots":"","primary_category":"1081","breadcrumb_title":"","facebook_title":"","facebook_description":"","facebook_image":"","facebook_image_id":"","twitter_title":"","twitter_description":"","twitter_image":"","twitter_image_id":"","twitter_card_type":"","twitter_use_facebook":"","advanced_robots":"","pillar_content":"","seo_score":"","contentai_score":"","rich_snippet":""},"_links":{"self":[{"href":"https:\/\/dailynewshungary.com\/de\/wp-json\/wp\/v2\/posts\/761189","targetHints":{"allow":["GET"]}}],"collection":[{"href":"https:\/\/dailynewshungary.com\/de\/wp-json\/wp\/v2\/posts"}],"about":[{"href":"https:\/\/dailynewshungary.com\/de\/wp-json\/wp\/v2\/types\/post"}],"author":[{"embeddable":true,"href":"https:\/\/dailynewshungary.com\/de\/wp-json\/wp\/v2\/users\/2"}],"replies":[{"embeddable":true,"href":"https:\/\/dailynewshungary.com\/de\/wp-json\/wp\/v2\/comments?post=761189"}],"version-history":[{"count":0,"href":"https:\/\/dailynewshungary.com\/de\/wp-json\/wp\/v2\/posts\/761189\/revisions"}],"wp:featuredmedia":[{"embeddable":true,"href":"https:\/\/dailynewshungary.com\/de\/wp-json\/wp\/v2\/media\/761190"}],"wp:attachment":[{"href":"https:\/\/dailynewshungary.com\/de\/wp-json\/wp\/v2\/media?parent=761189"}],"wp:term":[{"taxonomy":"category","embeddable":true,"href":"https:\/\/dailynewshungary.com\/de\/wp-json\/wp\/v2\/categories?post=761189"},{"taxonomy":"post_tag","embeddable":true,"href":"https:\/\/dailynewshungary.com\/de\/wp-json\/wp\/v2\/tags?post=761189"}],"curies":[{"name":"wp","href":"https:\/\/api.w.org\/{rel}","templated":true}]}}