{"id":761207,"date":"2016-02-02T08:00:56","date_gmt":"2016-02-02T07:00:56","guid":{"rendered":"https:\/\/dailynewshungary.com\/de\/2-februar-der-tag-der-orden\/"},"modified":"2016-02-02T08:00:56","modified_gmt":"2016-02-02T07:00:56","slug":"2-februar-der-tag-der-orden","status":"publish","type":"post","link":"https:\/\/dailynewshungary.com\/de\/2-februar-der-tag-der-orden\/","title":{"rendered":"2. Februar \u2013 Der Tag der Orden"},"content":{"rendered":"<p><strong>Es war Papst Johannes Paul II., der die 2. erkl\u00e4rte<sup>nd<\/sup> Februar der Tag des heiligen Lebens, der Tag der Orden im Jahre 1997 Der Papst wollte das Wissen und die Anerkennung der religi\u00f6sen Orden verbreiten und den M\u00f6nchen eine Chance geben, die Sch\u00f6nheit ihres Lebens und die Wunder, die der Herr durch sie vermittelt, zum Wohle der Kirche und der Welt zu bestaunen.<\/strong><\/p>\n<p>Eine Ordensgemeinschaft ist eine Abstammungslinie von Gemeinschaften und Organisationen von Menschen, die in irgendeiner Weise von der Gesellschaft (meist in Kl\u00f6stern) entsprechend ihrer spezifischen religi\u00f6sen Hingabe getrennt leben, meist gepr\u00e4gt durch die Prinzipien der religi\u00f6sen Praxis ihres Gr\u00fcnders, religi\u00f6se Orden gibt es in vielen Religionen der Welt.<\/p>\n<p>In Ungarn gibt es eine gro\u00dfe Anzahl m\u00e4nnlicher und weiblicher Orden. Die wohl ber\u00fchmteste und meistbesuchte ist die Erzabtei Pannonhalma, die 996 von den Mitgliedern des \u00e4ltesten westlichen Ordens auf einem heiligen Berg, der dem heiligen Martin geweiht ist, gegr\u00fcndet wurde. Es ist ein aktives Benediktinerkloster und Weltkulturerbe Das Kloster entwickelte sich schnell zu einem wichtigen Zentrum des Christentums und der mittelalterlichen Kultur in Osteuropa. Den M\u00f6nchen der Abtei Pannonhalma gelang es, die widerspenstigen Ungarn zum Christentum zu bekehren, die erste Schule Ungarns zu gr\u00fcnden und 1055 das erste Dokument in ungarischer Sprache zu erstellen Es hei\u00dft Besucher willkommen, seine bewaldeten Grundst\u00fccke und Geb\u00e4ude zu erkunden, zu denen eine gotische Kirche aus dem 13. Jahrhundert mit Barock und einem Empfang, 19.<\/p>\n<p><iframe loading=\"lazy\" src=\"https:\/\/www.youtube.com\/embed\/dTW_GoviuZM\" width=\"600\" height=\"400\" frameborder=\"0\" allowfullscreen=\"allowfullscreen\"><\/iframe><\/p>\n<p>Der einzige Orden, den ein Ungar gefunden hat, ist der Orden des heiligen Paulus des Einsiedlers, auch einfach als Paulinerpatres bezeichnet, ist ein M\u00f6nchsorden der r\u00f6misch-katholischen Kirche, der Orden des heiligen Paulus des Einsiedlers wurde 1215 in Ungarn gegr\u00fcndet, Ordensgr\u00fcnder war der selige Eusebius, Kanoniker von Esztergom, die Ordensmitglieder waren eigentlich Eremiten, die in H\u00f6hlen in Ungarn lebten.<\/p>\n<p>Der M\u00f6nchsorden verbreitete sich in den L\u00e4ndern Ungarn, Polen, Kroatien, \u00d6sterreich und Bayern, nach einiger Zeit ordnete die Regierung die Schlie\u00dfung vieler Kl\u00f6ster an. Sie beharrten jedoch in Polen, wo sie die Verehrung der Heiligen Jungfrau Maria f\u00f6rderten, und auch im Hauptkloster in Tschenstochau, wo sie noch immer residieren Das ungarische Zentrum des Ordens befindet sich in Petrus, aber ein bekannter paulinischer Ort ist auch das Sziklatemplom.<\/p>\n<p><iframe loading=\"lazy\" src=\"https:\/\/www.youtube.com\/embed\/LObZhAFYgB8\" width=\"600\" height=\"400\" frameborder=\"0\" allowfullscreen=\"allowfullscreen\"><\/iframe><\/p>\n<p>Das Sapientia College of Theology ist die Hauptinstitution des Nachwachsens religi\u00f6ser Orden in Ungarn Es ist eine gemeinsame Einrichtung von drei religi\u00f6sen Orden mit gro\u00dfer Tradition in der katholischen Kirche: den Benediktinern (OSB), den Minderbr\u00fcdern (OFM) und Piaristen (SchP).Das Sapientia College hat zwei Aspekte: Zum einen ist es eine junge und dynamische akademische Gemeinschaft, zum anderen hat es eine lebendige Tradition des katholischen Glaubens und ein theologisches Erbe, das sich aus den verschiedenen Spiritualit\u00e4ten, die im Zustand des geweihten Lebens gelebt wurden, ergibt.<\/p>\n<p><em>Foto: www.facebook.com\/PannonhalmiBencesek<\/em><\/p>\n<p>Editor kopieren: bm<\/p>\n","protected":false},"excerpt":{"rendered":"<p>Es war Papst Johannes Paul II., der die 2. erkl\u00e4rtend Februar der Tag des heiligen Lebens, der Tag der Orden im Jahre 1997 Der Papst wollte das Wissen und die Anerkennung der religi\u00f6sen Orden verbreiten und den M\u00f6nchen eine Chance geben, die Sch\u00f6nheit ihres Lebens und die Wunder, die der Herr durch sie vermittelt, zum [&hellip;]<\/p>\n","protected":false},"author":7,"featured_media":761208,"comment_status":"open","ping_status":"open","sticky":false,"template":"","format":"standard","meta":{"_acf_changed":false,"_display_image":"","footnotes":""},"categories":[1151],"tags":[1144,1134,1079],"class_list":["post-761207","post","type-post","status-publish","format-standard","has-post-thumbnail","hentry","category-kulturen","tag-gedenken","tag-religion","tag-tourismus"],"blocksy_meta":[],"acf":[],"author_username":"Szandi","telegram_post":"","public_post_metadata":{"breaking_news":"","important":"","csempe":"","center_tile":"","disable_thumbnail":"","target_lang":"","_featured_image_style":"","telegram_post":"","_xlat_group_id":""},"public_rank_math_data":{"title":"%title% %sep% %sitename%","description":"","focus_keyword":"","canonical_url":"","robots":"","primary_category":"1151","breadcrumb_title":"","facebook_title":"","facebook_description":"","facebook_image":"","facebook_image_id":"","twitter_title":"","twitter_description":"","twitter_image":"","twitter_image_id":"","twitter_card_type":"","twitter_use_facebook":"","advanced_robots":"","pillar_content":"","seo_score":"","contentai_score":"","rich_snippet":""},"_links":{"self":[{"href":"https:\/\/dailynewshungary.com\/de\/wp-json\/wp\/v2\/posts\/761207","targetHints":{"allow":["GET"]}}],"collection":[{"href":"https:\/\/dailynewshungary.com\/de\/wp-json\/wp\/v2\/posts"}],"about":[{"href":"https:\/\/dailynewshungary.com\/de\/wp-json\/wp\/v2\/types\/post"}],"author":[{"embeddable":true,"href":"https:\/\/dailynewshungary.com\/de\/wp-json\/wp\/v2\/users\/7"}],"replies":[{"embeddable":true,"href":"https:\/\/dailynewshungary.com\/de\/wp-json\/wp\/v2\/comments?post=761207"}],"version-history":[{"count":0,"href":"https:\/\/dailynewshungary.com\/de\/wp-json\/wp\/v2\/posts\/761207\/revisions"}],"wp:featuredmedia":[{"embeddable":true,"href":"https:\/\/dailynewshungary.com\/de\/wp-json\/wp\/v2\/media\/761208"}],"wp:attachment":[{"href":"https:\/\/dailynewshungary.com\/de\/wp-json\/wp\/v2\/media?parent=761207"}],"wp:term":[{"taxonomy":"category","embeddable":true,"href":"https:\/\/dailynewshungary.com\/de\/wp-json\/wp\/v2\/categories?post=761207"},{"taxonomy":"post_tag","embeddable":true,"href":"https:\/\/dailynewshungary.com\/de\/wp-json\/wp\/v2\/tags?post=761207"}],"curies":[{"name":"wp","href":"https:\/\/api.w.org\/{rel}","templated":true}]}}