{"id":761235,"date":"2016-02-01T06:31:10","date_gmt":"2016-02-01T05:31:10","guid":{"rendered":"https:\/\/dailynewshungary.com\/de\/weitere-preissenkungen-bei-fidesz-versorgungsunternehmen-konnten-zweistellig-sein\/"},"modified":"2016-02-01T06:31:10","modified_gmt":"2016-02-01T05:31:10","slug":"weitere-preissenkungen-bei-fidesz-versorgungsunternehmen-konnten-zweistellig-sein","status":"publish","type":"post","link":"https:\/\/dailynewshungary.com\/de\/weitere-preissenkungen-bei-fidesz-versorgungsunternehmen-konnten-zweistellig-sein\/","title":{"rendered":"Weitere Preissenkungen bei Fidesz-Versorgungsunternehmen k\u00f6nnten zweistellig sein"},"content":{"rendered":"<p><strong>Budapest, 3. Januar (MTI) \u2013 Absenkungen 31, sogar zweistellig, \u201eDie Preise f\u00fcr Versorgungsunternehmen bleiben erhalten, sagte ein Fidesz-Abgeordneter am Sonntag.<\/strong><\/p>\n<p>Die vor drei Jahren durch Regulierung eingeleiteten Senkungen der Versorgungspreise m\u00fcssen mit Marktinstrumenten fortgesetzt werden, sagte Szilard Nemeth, der Fidesz\u2018Mann war, der f\u00fcr die Senkungen verantwortlich war, auf einer Pressekonferenz zu einem anderen Thema. Er lehnte es ab, eine eindeutige Zahl f\u00fcr das Ausma\u00df der Senkungen anzugeben, sagte aber, sie k\u00f6nnten im zweistelligen Bereich liegen.<\/p>\n<p>Eine Modernisierung des Kernkraftwerks Paks werde sich endg\u00fcltig auf die Strompreise auswirken, sagte er.<\/p>\n","protected":false},"excerpt":{"rendered":"<p>Budapest, 3. Januar (MTI) \u2013 Absenkungen 31, sogar zweistellig, \u201eDie Preise f\u00fcr Versorgungsunternehmen bleiben erhalten, sagte ein Fidesz-Abgeordneter am Sonntag. Die vor drei Jahren durch Regulierung eingeleiteten Senkungen der Versorgungspreise m\u00fcssen mit Marktinstrumenten fortgesetzt werden, sagte Szilard Nemeth, der Fidesz\u2018Mann war, der f\u00fcr die Senkungen verantwortlich war, auf einer Pressekonferenz zu einem anderen Thema. Er [&hellip;]<\/p>\n","protected":false},"author":2,"featured_media":761236,"comment_status":"open","ping_status":"open","sticky":false,"template":"","format":"standard","meta":{"_acf_changed":false,"_display_image":"","footnotes":""},"categories":[1281],"tags":[1091,1104],"class_list":["post-761235","post","type-post","status-publish","format-standard","has-post-thumbnail","hentry","category-geschaft","tag-fidesz","tag-wirtschaft"],"blocksy_meta":[],"acf":[],"author_username":"alk","telegram_post":"","public_post_metadata":{"breaking_news":"","important":"","csempe":"","center_tile":"","disable_thumbnail":"","target_lang":"","_featured_image_style":"","telegram_post":"","_xlat_group_id":""},"public_rank_math_data":{"title":"%title% %sep% %sitename%","description":"","focus_keyword":"","canonical_url":"","robots":"","primary_category":"1281","breadcrumb_title":"","facebook_title":"","facebook_description":"","facebook_image":"","facebook_image_id":"","twitter_title":"","twitter_description":"","twitter_image":"","twitter_image_id":"","twitter_card_type":"","twitter_use_facebook":"","advanced_robots":"","pillar_content":"","seo_score":"","contentai_score":"","rich_snippet":""},"_links":{"self":[{"href":"https:\/\/dailynewshungary.com\/de\/wp-json\/wp\/v2\/posts\/761235","targetHints":{"allow":["GET"]}}],"collection":[{"href":"https:\/\/dailynewshungary.com\/de\/wp-json\/wp\/v2\/posts"}],"about":[{"href":"https:\/\/dailynewshungary.com\/de\/wp-json\/wp\/v2\/types\/post"}],"author":[{"embeddable":true,"href":"https:\/\/dailynewshungary.com\/de\/wp-json\/wp\/v2\/users\/2"}],"replies":[{"embeddable":true,"href":"https:\/\/dailynewshungary.com\/de\/wp-json\/wp\/v2\/comments?post=761235"}],"version-history":[{"count":0,"href":"https:\/\/dailynewshungary.com\/de\/wp-json\/wp\/v2\/posts\/761235\/revisions"}],"wp:featuredmedia":[{"embeddable":true,"href":"https:\/\/dailynewshungary.com\/de\/wp-json\/wp\/v2\/media\/761236"}],"wp:attachment":[{"href":"https:\/\/dailynewshungary.com\/de\/wp-json\/wp\/v2\/media?parent=761235"}],"wp:term":[{"taxonomy":"category","embeddable":true,"href":"https:\/\/dailynewshungary.com\/de\/wp-json\/wp\/v2\/categories?post=761235"},{"taxonomy":"post_tag","embeddable":true,"href":"https:\/\/dailynewshungary.com\/de\/wp-json\/wp\/v2\/tags?post=761235"}],"curies":[{"name":"wp","href":"https:\/\/api.w.org\/{rel}","templated":true}]}}