{"id":761258,"date":"2016-01-31T09:30:51","date_gmt":"2016-01-31T08:30:51","guid":{"rendered":"https:\/\/dailynewshungary.com\/de\/atlantic-council-chef-europas-hartestes-jahr-seit-jahrzehnten-2015\/"},"modified":"2016-01-31T09:30:51","modified_gmt":"2016-01-31T08:30:51","slug":"atlantic-council-chef-europas-hartestes-jahr-seit-jahrzehnten-2015","status":"publish","type":"post","link":"https:\/\/dailynewshungary.com\/de\/atlantic-council-chef-europas-hartestes-jahr-seit-jahrzehnten-2015\/","title":{"rendered":"Atlantic Council-Chef: Europas h\u00e4rtestes Jahr seit Jahrzehnten 2015"},"content":{"rendered":"<p><strong>Budapest (MTI) \u2013 Das vergangene Jahr war Europas h\u00e4rtestes seit Jahrzehnten, und die Europ\u00e4ische Union hat es vers\u00e4umt, ihren B\u00fcrgern auf den Umgang mit der Fl\u00fcchtlingskrise und der Bedrohung durch den Terrorismus zu h\u00f6ren, sagte der Pr\u00e4sident des Ungarischen Atlantikrats in einem Interview zu MTI.<\/strong><\/p>\n<p>Szilveszter E Vizi sagte, dass die EU und Europa insgesamt 2015 vor Herausforderungen st\u00fcnden, auf die ihre Gesellschaft nicht vorbereitet seiEr sagte, die Herausforderungen, vor denen Europa heute stehe, seien alle auf das Nord-S\u00fcd-Gef\u00e4lle zur\u00fcckzuf\u00fchren.<\/p>\n<p>Die Kluft zwischen reichen und armen L\u00e4ndern habe sich in den letzten Jahren weiter vergr\u00f6\u00dfert, w\u00e4hrend gleichzeitig der Arabische Fr\u00fchling Ver\u00e4nderungen im Nahen Osten und in Nordafrika mit sich brachte, die zum Aufstieg islamistischer extremistischer Gruppen f\u00fchrten, sagte er. L\u00e4nder wie Libyen, \u00c4gypten und Syrien, die vor den Aufst\u00e4nden \u201estabile Diktaturen\u201cwaren, wurden durch den Arabischen Fr\u00fchling destabilisiert, und die Menschen in diesen L\u00e4ndern seien gezwungen, vor dem Terrorismus zu fliehen, sagte Vizi. Dies habe zu einer Massenmigrationswelle nach Europa gef\u00fchrt, die der Kontinent weder aus sozialer noch aus wirtschaftlicher noch aus kultureller Sicht bew\u00e4ltigen k\u00f6nne. Vizi f\u00fcgte hinzu, dass die EU ihre j\u00fcdisch-christlichen Wurzeln, die in den Gr\u00fcndungsdokumenten nicht einmal erw\u00e4hnt werden, schon lange \u201eaufgenommen\u201d habe.<\/p>\n<p>Vizi \u00e4u\u00dferte die \u00dcberzeugung, dass Europa seine Probleme \u00fcberwinden kann, sagte jedoch, es sei \u201c\u00fcberraschend\u201d, wie schwierig es f\u00fcr die EU gewesen sei, die Fl\u00fcchtlingskrise zu bew\u00e4ltigen.<\/p>\n<p><img loading=\"lazy\" decoding=\"async\" class=\"size-full wp-image-32272 aligncenter\" src=\"https:\/\/dailynewshungary.com\/wp-content\/uploads\/2016\/01\/vizi-e-szilveszter-2.jpg\" alt=\"Vizi-e-szilveszter-2\" width=\"600\" height=\"399\" srcset=\"https:\/\/contentf5.dailynewshungary.com\/wp-content\/uploads\/2016\/01\/vizi-e-szilveszter-2.jpg 600w, https:\/\/contentf5.dailynewshungary.com\/wp-content\/uploads\/2016\/01\/vizi-e-szilveszter-2-300x200.jpg 300w\" sizes=\"auto, (max-width: 600px) 100vw, 600px\"><\/p>\n<p>Er sagte, Ungarn sei wie andere EU-Mitgliedstaaten auch vom massiven Zustrom von Migranten \u00fcberrascht worden, aber die Regierung, die Polizei und die Armee h\u00e4tten alle schnell reagiert. Deutschland, \u00d6sterreich und Schweden h\u00e4tten jedoch immer noch Schwierigkeiten, den Migrantenstrom einzud\u00e4mmen. Vizi bemerkte, dass US-Botschafterin Colleen Bell k\u00fcrzlich auch die ungarischen politischen Entscheidungstr\u00e4ger und die schnelle Reaktion der Armee auf die Krise gelobt habe.<\/p>\n<p>In Bezug auf Russland sagte Vizi, den USA sei klar geworden, dass sie die Hilfe Russlands ben\u00f6tigen, um den Nahen Osten und Nordafrika zu stabilisieren, was seiner Meinung nach eine St\u00e4rkung der Beziehungen zwischen den beiden L\u00e4ndern erfordern werde.<\/p>\n<p>Vizi sagte, Ungarn spiele eine Schl\u00fcsselrolle bei den milit\u00e4rischen und politischen Aufgaben der NATO. Er wies darauf hin, dass der Atlantikrat als zivile Organisation, die gegr\u00fcndet wurde, um Gesellschaft, Milit\u00e4r und Regierung einander n\u00e4her zu bringen, in st\u00e4ndigem Kontakt mit den R\u00e4ten anderer NATO-Mitgliedstaaten, zivilen NATO-Organisationen sowie den Botschaftern und Verteidigern der NATO-Mitgliedstaaten in Ungarn stehe.<\/p>\n<p>Der Ungarische Atlantikrat unterst\u00fctze den Vorsto\u00df der Regierung, die Rolle des Milit\u00e4rs beim Schutz des Landes auszubauen, sagte Vizi.<\/p>\n<p><em>Foto: MTI<\/em><\/p>\n","protected":false},"excerpt":{"rendered":"<p>Budapest (MTI) \u2013 Das vergangene Jahr war Europas h\u00e4rtestes seit Jahrzehnten, und die Europ\u00e4ische Union hat es vers\u00e4umt, ihren B\u00fcrgern auf den Umgang mit der Fl\u00fcchtlingskrise und der Bedrohung durch den Terrorismus zu h\u00f6ren, sagte der Pr\u00e4sident des Ungarischen Atlantikrats in einem Interview zu MTI. Szilveszter E Vizi sagte, dass die EU und Europa insgesamt [&hellip;]<\/p>\n","protected":false},"author":2,"featured_media":761259,"comment_status":"open","ping_status":"open","sticky":false,"template":"","format":"standard","meta":{"_acf_changed":false,"_display_image":"","footnotes":""},"categories":[1081],"tags":[1082,1485],"class_list":["post-761258","post","type-post","status-publish","format-standard","has-post-thumbnail","hentry","category-politik","tag-europaische-union","tag-interview"],"blocksy_meta":[],"acf":[],"author_username":"alk","telegram_post":"","public_post_metadata":{"breaking_news":"","important":"","csempe":"","center_tile":"","disable_thumbnail":"","target_lang":"","_featured_image_style":"","telegram_post":"","_xlat_group_id":""},"public_rank_math_data":{"title":"%title% %sep% %sitename%","description":"","focus_keyword":"","canonical_url":"","robots":"","primary_category":"1081","breadcrumb_title":"","facebook_title":"","facebook_description":"","facebook_image":"","facebook_image_id":"","twitter_title":"","twitter_description":"","twitter_image":"","twitter_image_id":"","twitter_card_type":"","twitter_use_facebook":"","advanced_robots":"","pillar_content":"","seo_score":"","contentai_score":"","rich_snippet":""},"_links":{"self":[{"href":"https:\/\/dailynewshungary.com\/de\/wp-json\/wp\/v2\/posts\/761258","targetHints":{"allow":["GET"]}}],"collection":[{"href":"https:\/\/dailynewshungary.com\/de\/wp-json\/wp\/v2\/posts"}],"about":[{"href":"https:\/\/dailynewshungary.com\/de\/wp-json\/wp\/v2\/types\/post"}],"author":[{"embeddable":true,"href":"https:\/\/dailynewshungary.com\/de\/wp-json\/wp\/v2\/users\/2"}],"replies":[{"embeddable":true,"href":"https:\/\/dailynewshungary.com\/de\/wp-json\/wp\/v2\/comments?post=761258"}],"version-history":[{"count":0,"href":"https:\/\/dailynewshungary.com\/de\/wp-json\/wp\/v2\/posts\/761258\/revisions"}],"wp:featuredmedia":[{"embeddable":true,"href":"https:\/\/dailynewshungary.com\/de\/wp-json\/wp\/v2\/media\/761259"}],"wp:attachment":[{"href":"https:\/\/dailynewshungary.com\/de\/wp-json\/wp\/v2\/media?parent=761258"}],"wp:term":[{"taxonomy":"category","embeddable":true,"href":"https:\/\/dailynewshungary.com\/de\/wp-json\/wp\/v2\/categories?post=761258"},{"taxonomy":"post_tag","embeddable":true,"href":"https:\/\/dailynewshungary.com\/de\/wp-json\/wp\/v2\/tags?post=761258"}],"curies":[{"name":"wp","href":"https:\/\/api.w.org\/{rel}","templated":true}]}}