{"id":761371,"date":"2016-01-27T09:00:27","date_gmt":"2016-01-27T08:00:27","guid":{"rendered":"https:\/\/dailynewshungary.com\/de\/air-malta-storniert-ihre-budapest-fluge\/"},"modified":"2016-01-27T09:00:27","modified_gmt":"2016-01-27T08:00:27","slug":"air-malta-storniert-ihre-budapest-fluge","status":"publish","type":"post","link":"https:\/\/dailynewshungary.com\/de\/air-malta-storniert-ihre-budapest-fluge\/","title":{"rendered":"Air Malta storniert ihre Budapest-Fl\u00fcge"},"content":{"rendered":"<p><strong>Nach <a href=\"http:\/\/www.airportal.hu\/ap\/viewtopic.php?t=30885&amp;sid=e67b90a2e16320bbd50f87833485c4fd\" target=\"_blank\" rel=\"noopener noreferrer\">Flughafenal.hu<\/a>, Air Malta wird im Sommer keine Fl\u00fcge zwischen Budapest und Valetta durchf\u00fchren, die bereits geplanten Fl\u00fcge wurden gestrichen und die Passagiere wurden \u00fcber die \u00c4nderungen informiert.<\/strong><\/p>\n<p>Air Malta ist das zweite Unternehmen, das Ungarn verl\u00e4sst, nachdem die portugiesische Fluggesellschaft TAP k\u00fcrzlich ihren Budapest-Flug gestrichen hat \u00c4hnlich wie im Vorjahr h\u00e4tte Air Malta im Sommer zwei Fl\u00fcge pro Woche auf der Strecke Budapest-Valetta durchgef\u00fchrt.<\/p>\n<p>Die Fluggesellschaft hat noch keine offizielle Ank\u00fcndigung ver\u00f6ffentlicht, aber die Fl\u00fcge sind bereits annulliert und aus dem System entfernt und alle Buchungen wurden auf andere Fl\u00fcge verschoben, wor\u00fcber viele Passagiere am Wochenende per E-Mail informiert wurden.<\/p>\n<p>Airportal.hu wandte sich an Tensi Aviation Ltd. die Air Malta offiziell in Ungarn vertritt, und sie best\u00e4tigten, dass es im Sommer keine Air Malta Fl\u00fcge zwischen Valetta und Budapest geben wird, ihren Informationen zufolge durchl\u00e4uft die Fluggesellschaft derzeit mehrere \u00c4nderungen und sie stellen viele Fl\u00fcge ein, darunter auch die von Budapest nach Valetta.<\/p>\n<p>Einer der am besten m\u00f6glichen Gr\u00fcnde f\u00fcr ihren Abflug k\u00f6nnte die erh\u00f6hte Anzahl von Fl\u00fcgen von Budapest nach Malta durch Wizz Air und Ryanair sein, die die Anzahl der Air Malta-Buchungen in Ungarn stark verringerte.<\/p>\n<p>Anders als TAP Portugal wird Air Malta auch in Zukunft in Ungarn vertreten sein, und zwar durch Tensi Aviation Ltd. Das Unternehmen wird seine Passagiere \u00fcber die \u00c4nderungen und die M\u00f6glichkeiten informieren (Erstattung erhalten, oder Fl\u00fcge wechseln und dann m\u00fcssen Passagiere in Wien umsteigen, oder in M\u00fcnchen z. B), sobald Air Malta eine offizielle Stellungnahme ver\u00f6ffentlicht.<\/p>\n<p>Editor kopieren: bm<\/p>\n","protected":false},"excerpt":{"rendered":"<p>Nach Flughafenal.hu, Air Malta wird im Sommer keine Fl\u00fcge zwischen Budapest und Valetta durchf\u00fchren, die bereits geplanten Fl\u00fcge wurden gestrichen und die Passagiere wurden \u00fcber die \u00c4nderungen informiert. Air Malta ist das zweite Unternehmen, das Ungarn verl\u00e4sst, nachdem die portugiesische Fluggesellschaft TAP k\u00fcrzlich ihren Budapest-Flug gestrichen hat \u00c4hnlich wie im Vorjahr h\u00e4tte Air Malta im [&hellip;]<\/p>\n","protected":false},"author":6,"featured_media":761372,"comment_status":"open","ping_status":"open","sticky":false,"template":"","format":"standard","meta":{"_acf_changed":false,"_display_image":"","footnotes":""},"categories":[1281],"tags":[1160,1111,1179,1297],"class_list":["post-761371","post","type-post","status-publish","format-standard","has-post-thumbnail","hentry","category-geschaft","tag-besuch","tag-budapest","tag-malta","tag-transport"],"blocksy_meta":[],"acf":[],"author_username":"audreys","telegram_post":"","public_post_metadata":{"breaking_news":"","important":"","csempe":"","center_tile":"","disable_thumbnail":"","target_lang":"","_featured_image_style":"","telegram_post":"","_xlat_group_id":""},"public_rank_math_data":{"title":"%title% %sep% %sitename%","description":"","focus_keyword":"","canonical_url":"","robots":"","primary_category":"1281","breadcrumb_title":"","facebook_title":"","facebook_description":"","facebook_image":"","facebook_image_id":"","twitter_title":"","twitter_description":"","twitter_image":"","twitter_image_id":"","twitter_card_type":"","twitter_use_facebook":"","advanced_robots":"","pillar_content":"","seo_score":"","contentai_score":"","rich_snippet":""},"_links":{"self":[{"href":"https:\/\/dailynewshungary.com\/de\/wp-json\/wp\/v2\/posts\/761371","targetHints":{"allow":["GET"]}}],"collection":[{"href":"https:\/\/dailynewshungary.com\/de\/wp-json\/wp\/v2\/posts"}],"about":[{"href":"https:\/\/dailynewshungary.com\/de\/wp-json\/wp\/v2\/types\/post"}],"author":[{"embeddable":true,"href":"https:\/\/dailynewshungary.com\/de\/wp-json\/wp\/v2\/users\/6"}],"replies":[{"embeddable":true,"href":"https:\/\/dailynewshungary.com\/de\/wp-json\/wp\/v2\/comments?post=761371"}],"version-history":[{"count":0,"href":"https:\/\/dailynewshungary.com\/de\/wp-json\/wp\/v2\/posts\/761371\/revisions"}],"wp:featuredmedia":[{"embeddable":true,"href":"https:\/\/dailynewshungary.com\/de\/wp-json\/wp\/v2\/media\/761372"}],"wp:attachment":[{"href":"https:\/\/dailynewshungary.com\/de\/wp-json\/wp\/v2\/media?parent=761371"}],"wp:term":[{"taxonomy":"category","embeddable":true,"href":"https:\/\/dailynewshungary.com\/de\/wp-json\/wp\/v2\/categories?post=761371"},{"taxonomy":"post_tag","embeddable":true,"href":"https:\/\/dailynewshungary.com\/de\/wp-json\/wp\/v2\/tags?post=761371"}],"curies":[{"name":"wp","href":"https:\/\/api.w.org\/{rel}","templated":true}]}}