{"id":761418,"date":"2016-01-25T17:00:55","date_gmt":"2016-01-25T16:00:55","guid":{"rendered":"https:\/\/dailynewshungary.com\/de\/regierung-bereit-die-transportkosten-der-agglomerationen-zu-ubernehmen-sagt-minister\/"},"modified":"2016-01-25T17:00:55","modified_gmt":"2016-01-25T16:00:55","slug":"regierung-bereit-die-transportkosten-der-agglomerationen-zu-ubernehmen-sagt-minister","status":"publish","type":"post","link":"https:\/\/dailynewshungary.com\/de\/regierung-bereit-die-transportkosten-der-agglomerationen-zu-ubernehmen-sagt-minister\/","title":{"rendered":"Regierung bereit, die Transportkosten der Agglomerationen zu \u00fcbernehmen, sagt Minister"},"content":{"rendered":"<p><strong>Budapest, 25. Januar (MTI) \u2013 Die Regierung ist bereit, die Kosten f\u00fcr \u00f6ffentliche Verkehrsdienste in der Budapester Agglomeration r\u00fcckwirkend zum 1. Januar 2016 zu \u00fcbernehmen, sagte der Entwicklungsminister dem B\u00fcrgermeister von Budapest, hei\u00dft es in einer vom Ministerium am Montag ver\u00f6ffentlichten Erkl\u00e4rung.<\/strong><\/p>\n<p>Miklos Sesztak f\u00fchrte am Samstag Gespr\u00e4che mit B\u00fcrgermeister Istv\u00e1n Tarl\u00f3s.<\/p>\n<p>Tarl\u00f3s sagte am Freitag auf einer Pressekonferenz, dass \u00f6ffentliche Verkehrsdienste in der Agglomeration die gesetzliche Pflicht des Staates seien und die Mittel und Wege zur \u00dcbernahme des Dienstes derzeit diskutiert w\u00fcrden.<\/p>\n<p>Tarl\u00f3s sagte, er erwarte, dass vor der regul\u00e4ren Sitzung der Gemeindeversammlung im Februar eine Einigung erzielt werde.<\/p>\n<p>Bis die Verhandlungen abgeschlossen und die \u00dcbernahme abgeschlossen seien, werde sich die Gemeinde um die \u00f6ffentlichen Verkehrsdienste in der Agglomeration k\u00fcmmern, sagte Tarl\u00f3s Seszt\u00e1k, hei\u00dft es in der Erkl\u00e4rungDie Gespr\u00e4che w\u00fcrden bald fortgesetzt, sagte er.<\/p>\n","protected":false},"excerpt":{"rendered":"<p>Budapest, 25. Januar (MTI) \u2013 Die Regierung ist bereit, die Kosten f\u00fcr \u00f6ffentliche Verkehrsdienste in der Budapester Agglomeration r\u00fcckwirkend zum 1. Januar 2016 zu \u00fcbernehmen, sagte der Entwicklungsminister dem B\u00fcrgermeister von Budapest, hei\u00dft es in einer vom Ministerium am Montag ver\u00f6ffentlichten Erkl\u00e4rung. Miklos Sesztak f\u00fchrte am Samstag Gespr\u00e4che mit B\u00fcrgermeister Istv\u00e1n Tarl\u00f3s. Tarl\u00f3s sagte am [&hellip;]<\/p>\n","protected":false},"author":2,"featured_media":761419,"comment_status":"open","ping_status":"open","sticky":false,"template":"","format":"standard","meta":{"_acf_changed":false,"_display_image":"","footnotes":""},"categories":[1081],"tags":[1111,1297],"class_list":["post-761418","post","type-post","status-publish","format-standard","has-post-thumbnail","hentry","category-politik","tag-budapest","tag-transport"],"blocksy_meta":[],"acf":[],"author_username":"alk","telegram_post":"","public_post_metadata":{"breaking_news":"","important":"","csempe":"","center_tile":"","disable_thumbnail":"","target_lang":"","_featured_image_style":"","telegram_post":"","_xlat_group_id":""},"public_rank_math_data":{"title":"%title% %sep% %sitename%","description":"","focus_keyword":"Budapest","canonical_url":"","robots":"","primary_category":"1081","breadcrumb_title":"","facebook_title":"","facebook_description":"","facebook_image":"","facebook_image_id":"","twitter_title":"","twitter_description":"","twitter_image":"","twitter_image_id":"","twitter_card_type":"","twitter_use_facebook":"","advanced_robots":"","pillar_content":"","seo_score":"15","contentai_score":"","rich_snippet":""},"_links":{"self":[{"href":"https:\/\/dailynewshungary.com\/de\/wp-json\/wp\/v2\/posts\/761418","targetHints":{"allow":["GET"]}}],"collection":[{"href":"https:\/\/dailynewshungary.com\/de\/wp-json\/wp\/v2\/posts"}],"about":[{"href":"https:\/\/dailynewshungary.com\/de\/wp-json\/wp\/v2\/types\/post"}],"author":[{"embeddable":true,"href":"https:\/\/dailynewshungary.com\/de\/wp-json\/wp\/v2\/users\/2"}],"replies":[{"embeddable":true,"href":"https:\/\/dailynewshungary.com\/de\/wp-json\/wp\/v2\/comments?post=761418"}],"version-history":[{"count":0,"href":"https:\/\/dailynewshungary.com\/de\/wp-json\/wp\/v2\/posts\/761418\/revisions"}],"wp:featuredmedia":[{"embeddable":true,"href":"https:\/\/dailynewshungary.com\/de\/wp-json\/wp\/v2\/media\/761419"}],"wp:attachment":[{"href":"https:\/\/dailynewshungary.com\/de\/wp-json\/wp\/v2\/media?parent=761418"}],"wp:term":[{"taxonomy":"category","embeddable":true,"href":"https:\/\/dailynewshungary.com\/de\/wp-json\/wp\/v2\/categories?post=761418"},{"taxonomy":"post_tag","embeddable":true,"href":"https:\/\/dailynewshungary.com\/de\/wp-json\/wp\/v2\/tags?post=761418"}],"curies":[{"name":"wp","href":"https:\/\/api.w.org\/{rel}","templated":true}]}}