{"id":761428,"date":"2016-01-25T12:00:19","date_gmt":"2016-01-25T11:00:19","guid":{"rendered":"https:\/\/dailynewshungary.com\/de\/ceetra-startet-eine-neue-website-um-die-regionale-zusammenarbeit-der-industrie-durchzusetzen\/"},"modified":"2016-01-25T12:00:19","modified_gmt":"2016-01-25T11:00:19","slug":"ceetra-startet-eine-neue-website-um-die-regionale-zusammenarbeit-der-industrie-durchzusetzen","status":"publish","type":"post","link":"https:\/\/dailynewshungary.com\/de\/ceetra-startet-eine-neue-website-um-die-regionale-zusammenarbeit-der-industrie-durchzusetzen\/","title":{"rendered":"CEETRA startet eine neue Website, um die regionale Zusammenarbeit der Industrie durchzusetzen"},"content":{"rendered":"<p><strong>Der mittel &#8211; und osteurop\u00e4ische Reiseeinzelhandelsverband (CEETRA) hat heute seine brandneue Web-Seite vorgestellt, die benutzerfreundliche Website stellt die Aktivit\u00e4ten der Branche in der Region f\u00fcr Unternehmen, Partner und Entscheidungstr\u00e4ger vor und liefert alle relevanten Informationen bez\u00fcglich der Schl\u00fcsselrolle des Duty Free und des Reiseeinzelhandels in der regionalen Wirtschaft.<\/strong><\/p>\n<p>Sven Niemeier, Vorsitzender von CEETRA, kommentierte heute:<br \/>\n\u201cWir alle sind sehr gespannt auf die neue Website, die ein professionelles und vollst\u00e4ndiges Informationstool f\u00fcr die breite \u00d6ffentlichkeit, Mitglieder und Partner von CEETRA ist. In den letzten Monaten haben wir dank unseres \u00fcberzeugenden Mitgliedschaftspakets viele neue Mitglieder willkommen gehei\u00dfen. Diese neue Website wird sicherlich ein weiteres Wachstum des Vereins erm\u00f6glichen. Unsere Mitglieder sind die treibende Kraft hinter dem Verein und die neue Website st\u00e4rkt ihre Stimme in Bezug auf die Themen, die im Mittelpunkt stehen m\u00fcssen.\u201d<\/p>\n<p>Politik und Kultur Mittel &#8211; und Osteuropas erfordern ein spezifisches Gesch\u00e4ftsmodell Dadurch entsteht eine starke Nachfrage nach einer einzigartigen und ma\u00dfgeschneiderten Strategie zur Vertretung unserer Duty Free &#8211; und Reiseeinzelhandelsbranche, die CEETRA w\u00e4hrend der letzten drei Jahre zur Verf\u00fcgung gestellt hatWir freuen uns, das geeignete Werkzeug zu haben, um es jetzt mit der Welt zu teilen!\u201d<\/p>\n<p><strong>Entdecken Sie die neue Website auf: <a href=\"http:\/\/www.ceetra.org\/\" target=\"_blank\" rel=\"noopener\">www.ceetra.org<\/a><\/strong><\/p>\n","protected":false},"excerpt":{"rendered":"<p>Der mittel &#8211; und osteurop\u00e4ische Reiseeinzelhandelsverband (CEETRA) hat heute seine brandneue Web-Seite vorgestellt, die benutzerfreundliche Website stellt die Aktivit\u00e4ten der Branche in der Region f\u00fcr Unternehmen, Partner und Entscheidungstr\u00e4ger vor und liefert alle relevanten Informationen bez\u00fcglich der Schl\u00fcsselrolle des Duty Free und des Reiseeinzelhandels in der regionalen Wirtschaft. Sven Niemeier, Vorsitzender von CEETRA, kommentierte heute: [&hellip;]<\/p>\n","protected":false},"author":2,"featured_media":761429,"comment_status":"open","ping_status":"open","sticky":false,"template":"","format":"standard","meta":{"_acf_changed":false,"_display_image":"","footnotes":""},"categories":[1281],"tags":[1066],"class_list":["post-761428","post","type-post","status-publish","format-standard","has-post-thumbnail","hentry","category-geschaft","tag-hungary"],"blocksy_meta":[],"acf":[],"author_username":"alk","telegram_post":"","public_post_metadata":{"breaking_news":"","important":"","csempe":"","center_tile":"","disable_thumbnail":"","target_lang":"","_featured_image_style":"","telegram_post":"","_xlat_group_id":""},"public_rank_math_data":{"title":"%title% %sep% %sitename%","description":"","focus_keyword":"","canonical_url":"","robots":"","primary_category":"1281","breadcrumb_title":"","facebook_title":"","facebook_description":"","facebook_image":"","facebook_image_id":"","twitter_title":"","twitter_description":"","twitter_image":"","twitter_image_id":"","twitter_card_type":"","twitter_use_facebook":"","advanced_robots":"","pillar_content":"","seo_score":"","contentai_score":"","rich_snippet":""},"_links":{"self":[{"href":"https:\/\/dailynewshungary.com\/de\/wp-json\/wp\/v2\/posts\/761428","targetHints":{"allow":["GET"]}}],"collection":[{"href":"https:\/\/dailynewshungary.com\/de\/wp-json\/wp\/v2\/posts"}],"about":[{"href":"https:\/\/dailynewshungary.com\/de\/wp-json\/wp\/v2\/types\/post"}],"author":[{"embeddable":true,"href":"https:\/\/dailynewshungary.com\/de\/wp-json\/wp\/v2\/users\/2"}],"replies":[{"embeddable":true,"href":"https:\/\/dailynewshungary.com\/de\/wp-json\/wp\/v2\/comments?post=761428"}],"version-history":[{"count":0,"href":"https:\/\/dailynewshungary.com\/de\/wp-json\/wp\/v2\/posts\/761428\/revisions"}],"wp:featuredmedia":[{"embeddable":true,"href":"https:\/\/dailynewshungary.com\/de\/wp-json\/wp\/v2\/media\/761429"}],"wp:attachment":[{"href":"https:\/\/dailynewshungary.com\/de\/wp-json\/wp\/v2\/media?parent=761428"}],"wp:term":[{"taxonomy":"category","embeddable":true,"href":"https:\/\/dailynewshungary.com\/de\/wp-json\/wp\/v2\/categories?post=761428"},{"taxonomy":"post_tag","embeddable":true,"href":"https:\/\/dailynewshungary.com\/de\/wp-json\/wp\/v2\/tags?post=761428"}],"curies":[{"name":"wp","href":"https:\/\/api.w.org\/{rel}","templated":true}]}}