{"id":761538,"date":"2016-01-21T17:34:21","date_gmt":"2016-01-21T16:34:21","guid":{"rendered":"https:\/\/dailynewshungary.com\/de\/eu-niederlande-prasidentschaft-verpflichtet-sich-zu-schengen-sagt-niederlandischer-botschafter\/"},"modified":"2016-01-21T17:34:21","modified_gmt":"2016-01-21T16:34:21","slug":"eu-niederlande-prasidentschaft-verpflichtet-sich-zu-schengen-sagt-niederlandischer-botschafter","status":"publish","type":"post","link":"https:\/\/dailynewshungary.com\/de\/eu-niederlande-prasidentschaft-verpflichtet-sich-zu-schengen-sagt-niederlandischer-botschafter\/","title":{"rendered":"EU-Niederlande-Pr\u00e4sidentschaft verpflichtet sich zu Schengen, sagt niederl\u00e4ndischer Botschafter"},"content":{"rendered":"<p><strong>Budapest, 21. Januar (MTI) \u201eDie Niederlande als Pr\u00e4sident der Europ\u00e4ischen Union sind bestrebt, sowohl den Schengen-Raum als auch die EU zusammenzuhalten, und der Zustrom von Migranten rechtfertigt nicht die Einrichtung eines \u201eMini-Schengen\u201csagte der niederl\u00e4ndische Botschafter am Donnerstag.<\/strong><\/p>\n<p>Die Niederlande wollen, dass die Europ\u00e4ische Kommission ihre Migrationspolitik so schnell wie m\u00f6glich umsetzt, und betonen, wie wichtig es sei, die Au\u00dfengrenzen Europas zu st\u00e4rken und die T\u00fcrkei zu unterst\u00fctzen, sagte Gajus Scheltema auf einer Pressekonferenz. Er sagte, Migranten k\u00e4men nach Europa, weil sie vor Krisen flohen, und er bestand darauf, dass viele von ihnen echte Fl\u00fcchtlinge seien.<\/p>\n<p>Der Botschafter betonte die Notwendigkeit, den Kampf gegen den Terrorismus fortzusetzen.<\/p>\n<p>Zum Thema Besch\u00e4ftigung sagte er, die EU-B\u00fcrger m\u00fcssten in jedem Mitgliedstaat gleichberechtigt sein, damit sie ihr Recht auf Freiz\u00fcgigkeit wahrnehmen k\u00f6nnten.<\/p>\n<p>Er skizzierte das Programm der Pr\u00e4sidentschaft und sagte, die Niederlande wollten eine effektive EU-Ratspr\u00e4sidentschaft mit Schwerpunkt auf den Herausforderungen f\u00fchren, mit denen die Union konfrontiert sei. Zu den Hauptschwerpunkten der Pr\u00e4sidentschaft im Januar-Juni geh\u00f6rten neben Migration und Sicherheit auch Innovation und die Schaffung von Arbeitspl\u00e4tzen, die Stabilit\u00e4t der Eurozone sowie Klimawandel und Energiepolitik, sagte Scheltema.<\/p>\n","protected":false},"excerpt":{"rendered":"<p>Budapest, 21. Januar (MTI) \u201eDie Niederlande als Pr\u00e4sident der Europ\u00e4ischen Union sind bestrebt, sowohl den Schengen-Raum als auch die EU zusammenzuhalten, und der Zustrom von Migranten rechtfertigt nicht die Einrichtung eines \u201eMini-Schengen\u201csagte der niederl\u00e4ndische Botschafter am Donnerstag. Die Niederlande wollen, dass die Europ\u00e4ische Kommission ihre Migrationspolitik so schnell wie m\u00f6glich umsetzt, und betonen, wie wichtig [&hellip;]<\/p>\n","protected":false},"author":2,"featured_media":761539,"comment_status":"open","ping_status":"open","sticky":false,"template":"","format":"standard","meta":{"_acf_changed":false,"_display_image":"","footnotes":""},"categories":[1081],"tags":[1082,1445,1299],"class_list":["post-761538","post","type-post","status-publish","format-standard","has-post-thumbnail","hentry","category-politik","tag-europaische-union","tag-migration","tag-schengen"],"blocksy_meta":[],"acf":[],"author_username":"alk","telegram_post":"","public_post_metadata":{"breaking_news":"","important":"","csempe":"","center_tile":"","disable_thumbnail":"","target_lang":"","_featured_image_style":"","telegram_post":"","_xlat_group_id":""},"public_rank_math_data":{"title":"%title% %sep% %sitename%","description":"","focus_keyword":"","canonical_url":"","robots":"","primary_category":"1081","breadcrumb_title":"","facebook_title":"","facebook_description":"","facebook_image":"","facebook_image_id":"","twitter_title":"","twitter_description":"","twitter_image":"","twitter_image_id":"","twitter_card_type":"","twitter_use_facebook":"","advanced_robots":"","pillar_content":"","seo_score":"","contentai_score":"","rich_snippet":""},"_links":{"self":[{"href":"https:\/\/dailynewshungary.com\/de\/wp-json\/wp\/v2\/posts\/761538","targetHints":{"allow":["GET"]}}],"collection":[{"href":"https:\/\/dailynewshungary.com\/de\/wp-json\/wp\/v2\/posts"}],"about":[{"href":"https:\/\/dailynewshungary.com\/de\/wp-json\/wp\/v2\/types\/post"}],"author":[{"embeddable":true,"href":"https:\/\/dailynewshungary.com\/de\/wp-json\/wp\/v2\/users\/2"}],"replies":[{"embeddable":true,"href":"https:\/\/dailynewshungary.com\/de\/wp-json\/wp\/v2\/comments?post=761538"}],"version-history":[{"count":0,"href":"https:\/\/dailynewshungary.com\/de\/wp-json\/wp\/v2\/posts\/761538\/revisions"}],"wp:featuredmedia":[{"embeddable":true,"href":"https:\/\/dailynewshungary.com\/de\/wp-json\/wp\/v2\/media\/761539"}],"wp:attachment":[{"href":"https:\/\/dailynewshungary.com\/de\/wp-json\/wp\/v2\/media?parent=761538"}],"wp:term":[{"taxonomy":"category","embeddable":true,"href":"https:\/\/dailynewshungary.com\/de\/wp-json\/wp\/v2\/categories?post=761538"},{"taxonomy":"post_tag","embeddable":true,"href":"https:\/\/dailynewshungary.com\/de\/wp-json\/wp\/v2\/tags?post=761538"}],"curies":[{"name":"wp","href":"https:\/\/api.w.org\/{rel}","templated":true}]}}