{"id":761596,"date":"2016-01-19T23:36:08","date_gmt":"2016-01-19T22:36:08","guid":{"rendered":"https:\/\/dailynewshungary.com\/de\/die-kreditnachfrage-sei-gewachsen-sagt-wirtschaftsminister-der-euromoney-konferenz\/"},"modified":"2016-01-19T23:36:08","modified_gmt":"2016-01-19T22:36:08","slug":"die-kreditnachfrage-sei-gewachsen-sagt-wirtschaftsminister-der-euromoney-konferenz","status":"publish","type":"post","link":"https:\/\/dailynewshungary.com\/de\/die-kreditnachfrage-sei-gewachsen-sagt-wirtschaftsminister-der-euromoney-konferenz\/","title":{"rendered":"Die Kreditnachfrage sei gewachsen, sagt Wirtschaftsminister der Euromoney-Konferenz"},"content":{"rendered":"<p><strong>Wien, 19. Januar (MTI) \u2013 Das staatliche Hausbauprogramm f\u00fcr Familien hat zu einer h\u00f6heren Kreditnachfrage gef\u00fchrt, was wiederum die ungarische Wirtschaft belebt, sagte Wirtschaftsminister Mihaly Varga am Dienstag auf einer Euromoney-Konferenz in Wien.<\/strong><\/p>\n<p>Die Regierung unterst\u00fctze eine Beschleunigung der Kreditvergabe bei gleichzeitiger Verringerung des Verwaltungsaufwands, sagte er.<\/p>\n<p>Im Lichte einer Vereinbarung mit der Europ\u00e4ischen Bank f\u00fcr Wiederaufbau und Entwicklung w\u00fcrde die Regierung in diesem Jahr ihre Anteile an der MKB Bank und der Budapest Bank verkaufen und zus\u00e4tzlich einen Anteil von 15 Prozent an der Erste Bank erwerben.<\/p>\n<p>Nach der Konferenz beriet sich Varga mit Ersten-Chefs, Er sagte, die Bewertung des Portfolios der ungarischen Einheit sei abgeschlossen und nun bleibe nur noch, sich auf einen Preis der Transaktion zu einigen.<\/p>\n<p><img loading=\"lazy\" decoding=\"async\" class=\"size-full wp-image-31655 aligncenter\" src=\"https:\/\/dailynewshungary.com\/wp-content\/uploads\/2016\/01\/varga-austria.jpg\" alt=\"varga-\u00f6sterreich\" width=\"600\" height=\"424\" srcset=\"https:\/\/contentf5.dailynewshungary.com\/wp-content\/uploads\/2016\/01\/varga-austria.jpg 600w, https:\/\/contentf5.dailynewshungary.com\/wp-content\/uploads\/2016\/01\/varga-austria-300x212.jpg 300w\" sizes=\"auto, (max-width: 600px) 100vw, 600px\"><\/p>\n<p>Er sagte, der im letzten Jahr erzielte EBWE-Deal sei ein \u201cMeilenstein\u201d, da dies ab dem 1. Januar dieses Jahres zu einer Senkung der Bankabgabe gef\u00fchrt habe.<\/p>\n<p>Die Aktivierung der Kreditvergabe wird es dem Staat erm\u00f6glichen, \u00fcber den nationalen Verm\u00f6gensverwalter 10.000 H\u00e4user notleidender Hypothekeninhaber zu kaufen und so den Bestand solcher H\u00e4user auf 35.000 zu erweitern. Er f\u00fcgte hinzu, dass diese Immobilien aufgrund ihrer Insolvenz bisher den ungarischen Bankensektor belastet h\u00e4tten.<\/p>\n<p>Auf die Frage zu einem k\u00fcrzlichen offiziellen Besuch ungarischer Beamter in China antwortete Varga, die Regierung wolle die Investorenbasis im Hinblick auf die Emission von Renminbi-Anleihen erweitern.<\/p>\n<p>Ungarn bereite sich darauf vor, in den n\u00e4chsten Wochen eine auf Renminbi lautende Staatsanleihe auszugeben, sagte Varga.<\/p>\n<p>Ende letzten Jahres erkl\u00e4rte Varga, Ungarn sei bereit, im Jahr 2016 eine Yuan-Anleihe mit einer H\u00f6he von bis zu 3 Milliarden chinesischen Yuan Renminbi (420 Mio. EUR) auszugeben.<\/p>\n<p>Ungarn plant, im n\u00e4chsten Jahr umgerechnet 1 Milliarde Euro an FX-Anleihen auf internationalen M\u00e4rkten auszugeben, so der j\u00fcngste Ausblick der Government Debt Management Agency (AKK).<\/p>\n","protected":false},"excerpt":{"rendered":"<p>Wien, 19. Januar (MTI) \u2013 Das staatliche Hausbauprogramm f\u00fcr Familien hat zu einer h\u00f6heren Kreditnachfrage gef\u00fchrt, was wiederum die ungarische Wirtschaft belebt, sagte Wirtschaftsminister Mihaly Varga am Dienstag auf einer Euromoney-Konferenz in Wien. Die Regierung unterst\u00fctze eine Beschleunigung der Kreditvergabe bei gleichzeitiger Verringerung des Verwaltungsaufwands, sagte er. Im Lichte einer Vereinbarung mit der Europ\u00e4ischen Bank [&hellip;]<\/p>\n","protected":false},"author":2,"featured_media":761597,"comment_status":"open","ping_status":"open","sticky":false,"template":"","format":"standard","meta":{"_acf_changed":false,"_display_image":"","footnotes":""},"categories":[1281],"tags":[3644,1129,1104],"class_list":["post-761596","post","type-post","status-publish","format-standard","has-post-thumbnail","hentry","category-geschaft","tag-ebrd","tag-osterreich","tag-wirtschaft"],"blocksy_meta":[],"acf":[],"author_username":"alk","telegram_post":"","public_post_metadata":{"breaking_news":"","important":"","csempe":"","center_tile":"","disable_thumbnail":"","target_lang":"","_featured_image_style":"","telegram_post":"","_xlat_group_id":""},"public_rank_math_data":{"title":"%title% %sep% %sitename%","description":"","focus_keyword":"","canonical_url":"","robots":"","primary_category":"1281","breadcrumb_title":"","facebook_title":"","facebook_description":"","facebook_image":"","facebook_image_id":"","twitter_title":"","twitter_description":"","twitter_image":"","twitter_image_id":"","twitter_card_type":"","twitter_use_facebook":"","advanced_robots":"","pillar_content":"","seo_score":"","contentai_score":"","rich_snippet":""},"_links":{"self":[{"href":"https:\/\/dailynewshungary.com\/de\/wp-json\/wp\/v2\/posts\/761596","targetHints":{"allow":["GET"]}}],"collection":[{"href":"https:\/\/dailynewshungary.com\/de\/wp-json\/wp\/v2\/posts"}],"about":[{"href":"https:\/\/dailynewshungary.com\/de\/wp-json\/wp\/v2\/types\/post"}],"author":[{"embeddable":true,"href":"https:\/\/dailynewshungary.com\/de\/wp-json\/wp\/v2\/users\/2"}],"replies":[{"embeddable":true,"href":"https:\/\/dailynewshungary.com\/de\/wp-json\/wp\/v2\/comments?post=761596"}],"version-history":[{"count":0,"href":"https:\/\/dailynewshungary.com\/de\/wp-json\/wp\/v2\/posts\/761596\/revisions"}],"wp:featuredmedia":[{"embeddable":true,"href":"https:\/\/dailynewshungary.com\/de\/wp-json\/wp\/v2\/media\/761597"}],"wp:attachment":[{"href":"https:\/\/dailynewshungary.com\/de\/wp-json\/wp\/v2\/media?parent=761596"}],"wp:term":[{"taxonomy":"category","embeddable":true,"href":"https:\/\/dailynewshungary.com\/de\/wp-json\/wp\/v2\/categories?post=761596"},{"taxonomy":"post_tag","embeddable":true,"href":"https:\/\/dailynewshungary.com\/de\/wp-json\/wp\/v2\/tags?post=761596"}],"curies":[{"name":"wp","href":"https:\/\/api.w.org\/{rel}","templated":true}]}}