{"id":761779,"date":"2016-01-13T16:00:36","date_gmt":"2016-01-13T15:00:36","guid":{"rendered":"https:\/\/dailynewshungary.com\/de\/kommissar-die-ungarischen-asylvorschriften-entsprechen-nicht-den-europaischen-menschenrechtsstandards\/"},"modified":"2016-01-13T16:00:36","modified_gmt":"2016-01-13T15:00:36","slug":"kommissar-die-ungarischen-asylvorschriften-entsprechen-nicht-den-europaischen-menschenrechtsstandards","status":"publish","type":"post","link":"https:\/\/dailynewshungary.com\/de\/kommissar-die-ungarischen-asylvorschriften-entsprechen-nicht-den-europaischen-menschenrechtsstandards\/","title":{"rendered":"Kommissar: Die ungarischen Asylvorschriften entsprechen nicht den europ\u00e4ischen Menschenrechtsstandards"},"content":{"rendered":"<p><strong>Br\u00fcssel, 13. Januar (MTI) \u2013 Ungarns aktuelles Asylrecht und -praktiken entsprechen nicht den internationalen oder europ\u00e4ischen Menschenrechtsstandards und fast niemand hat Zugang zu internationalem Schutz in Ungarn, sagte der Menschenrechtskommissar des Europarats in einer schriftlichen Bemerkung am Mittwoch.<\/strong><\/p>\n<p>Der Europ\u00e4ische Gerichtshof f\u00fcr Menschenrechte hat Nils Muiznieks aufgefordert, als Dritter in F\u00e4llen einzugreifen, in denen es um die \u00dcberstellung zweier Asylsuchender aus \u00d6sterreich nach Ungarn gem\u00e4\u00df der Dublin-Verordnung geht.<\/p>\n<p>Muiznieks sagte, \u201cdie sehr restriktiven Ma\u00dfnahmen, die in den letzten Monaten von den ungarischen Beh\u00f6rden ergriffen wurden, f\u00fchren zu einer bewussten Absicht der letzteren, Asylsuchende von der Einreise in das Land und der Beantragung von Asyl darin abzuhalten\u201d<\/p>\n<blockquote>\n<p>\u201eDas Asylverfahren ist zu beschleunigt und es mangelt an wesentlichen Schutzma\u00dfnahmen; der Einsatz von Asylhaft und die Haftbedingungen sind problematisch; und das von den Beh\u00f6rden gef\u00f6rderte allgemeine negative Klima gegen Migranten ist der Integration von Asylbewerbern und Fl\u00fcchtlingen in die ungarische Gesellschaft nicht f\u00f6rderlich.\u201cf\u00fcgte er hinzu.<\/p>\n<\/blockquote>\n<p>Muiznieks sagte, dass ein erheblicher Teil der im Rahmen der Dublin-III-Verordnung nach Ungarn zur\u00fcckgef\u00fchrten Personen derzeit inhaftiert sei und die verf\u00fcgbaren Rechtsbehelfe zur Anfechtung der Inhaftierung nicht als wirksam angesehen werden k\u00f6nnten.<\/p>\n<p>Da die ungarische Regierung eine Regel eingef\u00fchrt habe, nach der Serbien als sicherer Drittstaat zu betrachten sei, seien \u201cDubliner R\u00fcckkehrer nach Ungarn einem sehr hohen Risiko ausgesetzt, nach Serbien abgeschoben zu werden\u201d.<\/p>\n<p>Das Eingreifen Dritter erfolgt gem\u00e4\u00df Artikel 36 der Europ\u00e4ischen Menschenrechtskonvention, der den Kommissar berechtigt, zu allen aktuellen F\u00e4llen schriftlich Stellung zu nehmen und dem Verfahren beizuwohnen.<\/p>\n<p><em>Foto: MTI<\/em><\/p>\n","protected":false},"excerpt":{"rendered":"<p>Br\u00fcssel, 13. Januar (MTI) \u2013 Ungarns aktuelles Asylrecht und -praktiken entsprechen nicht den internationalen oder europ\u00e4ischen Menschenrechtsstandards und fast niemand hat Zugang zu internationalem Schutz in Ungarn, sagte der Menschenrechtskommissar des Europarats in einer schriftlichen Bemerkung am Mittwoch. Der Europ\u00e4ische Gerichtshof f\u00fcr Menschenrechte hat Nils Muiznieks aufgefordert, als Dritter in F\u00e4llen einzugreifen, in denen es [&hellip;]<\/p>\n","protected":false},"author":2,"featured_media":761780,"comment_status":"open","ping_status":"open","sticky":false,"template":"","format":"standard","meta":{"_acf_changed":false,"_display_image":"","footnotes":""},"categories":[1081],"tags":[1426,1082,2097,1445,1267],"class_list":["post-761779","post","type-post","status-publish","format-standard","has-post-thumbnail","hentry","category-politik","tag-europaische-kommission","tag-europaische-union","tag-europaischer-gerichtshof-fur-menschenrechte","tag-migration","tag-rechte"],"blocksy_meta":[],"acf":[],"author_username":"alk","telegram_post":"","public_post_metadata":{"breaking_news":"","important":"","csempe":"","center_tile":"","disable_thumbnail":"","target_lang":"","_featured_image_style":"","telegram_post":"","_xlat_group_id":""},"public_rank_math_data":{"title":"%title% %sep% %sitename%","description":"","focus_keyword":"Europ\u00e4ischer Gerichtshof f\u00fcr Menschenrechte","canonical_url":"","robots":"","primary_category":"1081","breadcrumb_title":"","facebook_title":"","facebook_description":"","facebook_image":"","facebook_image_id":"","twitter_title":"","twitter_description":"","twitter_image":"","twitter_image_id":"","twitter_card_type":"","twitter_use_facebook":"","advanced_robots":"","pillar_content":"","seo_score":"12","contentai_score":"","rich_snippet":""},"_links":{"self":[{"href":"https:\/\/dailynewshungary.com\/de\/wp-json\/wp\/v2\/posts\/761779","targetHints":{"allow":["GET"]}}],"collection":[{"href":"https:\/\/dailynewshungary.com\/de\/wp-json\/wp\/v2\/posts"}],"about":[{"href":"https:\/\/dailynewshungary.com\/de\/wp-json\/wp\/v2\/types\/post"}],"author":[{"embeddable":true,"href":"https:\/\/dailynewshungary.com\/de\/wp-json\/wp\/v2\/users\/2"}],"replies":[{"embeddable":true,"href":"https:\/\/dailynewshungary.com\/de\/wp-json\/wp\/v2\/comments?post=761779"}],"version-history":[{"count":0,"href":"https:\/\/dailynewshungary.com\/de\/wp-json\/wp\/v2\/posts\/761779\/revisions"}],"wp:featuredmedia":[{"embeddable":true,"href":"https:\/\/dailynewshungary.com\/de\/wp-json\/wp\/v2\/media\/761780"}],"wp:attachment":[{"href":"https:\/\/dailynewshungary.com\/de\/wp-json\/wp\/v2\/media?parent=761779"}],"wp:term":[{"taxonomy":"category","embeddable":true,"href":"https:\/\/dailynewshungary.com\/de\/wp-json\/wp\/v2\/categories?post=761779"},{"taxonomy":"post_tag","embeddable":true,"href":"https:\/\/dailynewshungary.com\/de\/wp-json\/wp\/v2\/tags?post=761779"}],"curies":[{"name":"wp","href":"https:\/\/api.w.org\/{rel}","templated":true}]}}