{"id":761868,"date":"2016-01-10T19:00:22","date_gmt":"2016-01-10T18:00:22","guid":{"rendered":"https:\/\/dailynewshungary.com\/de\/fall-hosszu-kiss-bleibt-weiterhin-trainer-der-ungarischen-schwimmmannschaft\/"},"modified":"2016-01-10T19:00:22","modified_gmt":"2016-01-10T18:00:22","slug":"fall-hosszu-kiss-bleibt-weiterhin-trainer-der-ungarischen-schwimmmannschaft","status":"publish","type":"post","link":"https:\/\/dailynewshungary.com\/de\/fall-hosszu-kiss-bleibt-weiterhin-trainer-der-ungarischen-schwimmmannschaft\/","title":{"rendered":"Fall Hosszu: Kiss bleibt weiterhin Trainer der ungarischen Schwimmmannschaft"},"content":{"rendered":"<p><strong>Budapest, 10. Januar (MTI) \u2013 Laszlo Kiss wird weiterhin die ungarische Schwimmnationalmannschaft trainieren, nachdem er zun\u00e4chst seinen R\u00fccktritt eingereicht hatte, nachdem Schwimmmeisterin Katinka Hosszu den Schwimmverband kritisiert hatte.<\/strong><\/p>\n<p>Der Chef des Verbandes, Tamas Gyarfas, teilte MTI am Sonntag mit, dass der treue Vertreter beschlossen habe, im Amt zu bleiben.<\/p>\n<p>Zuvor hatte er erkl\u00e4rt, er werde Kiss\u2018Angebot zum R\u00fccktritt ablehnen und darauf bestanden, dass das ungarische Schwimmen sowohl Kiss als auch Hosszu ben\u00f6tige.<\/p>\n<p>Hosszu, eine Schwimmwelt- und Europameisterin, kritisierte die Aktivit\u00e4ten und Haltung des Schwimmverbandes und weigerte sich, einen Vertrag mit dem Verband zu unterzeichnen, den sie im Dezember erhalten hatte.<\/p>\n<p>Kiss sagte MTI am Sonntag, dass \u201edie Unterst\u00fctzung so gro\u00df war, angef\u00fchrt vom Premierminister, dem sich mehrere Trainer, meine ehemaligen Athleten, Schwimmer der Nationalmannschaft und andere Sportler anschlossen; ich h\u00e4tte auf keinen Fall zu einer anderen Entscheidung kommen k\u00f6nnen.\u201c\u201d<\/p>\n<p>Kiss f\u00fcgte hinzu, dass er keine Pressekonferenz abhalten oder die Spannungen weiter versch\u00e4rfen wolle, sondern weiterhin im Hintergrund f\u00fcr den gemeinsamen Erfolg des Teams arbeiten wolle.<\/p>\n<p><em>Foto: MTI<\/em><\/p>\n","protected":false},"excerpt":{"rendered":"<p>Budapest, 10. Januar (MTI) \u2013 Laszlo Kiss wird weiterhin die ungarische Schwimmnationalmannschaft trainieren, nachdem er zun\u00e4chst seinen R\u00fccktritt eingereicht hatte, nachdem Schwimmmeisterin Katinka Hosszu den Schwimmverband kritisiert hatte. Der Chef des Verbandes, Tamas Gyarfas, teilte MTI am Sonntag mit, dass der treue Vertreter beschlossen habe, im Amt zu bleiben. Zuvor hatte er erkl\u00e4rt, er werde [&hellip;]<\/p>\n","protected":false},"author":2,"featured_media":761869,"comment_status":"open","ping_status":"open","sticky":false,"template":"","format":"standard","meta":{"_acf_changed":false,"_display_image":"","footnotes":""},"categories":[1098],"tags":[1066],"class_list":["post-761868","post","type-post","status-publish","format-standard","has-post-thumbnail","hentry","category-gesellschaft","tag-hungary"],"blocksy_meta":[],"acf":[],"author_username":"alk","telegram_post":"","public_post_metadata":{"breaking_news":"","important":"","csempe":"","center_tile":"","disable_thumbnail":"","target_lang":"","_featured_image_style":"","telegram_post":"","_xlat_group_id":""},"public_rank_math_data":{"title":"%title% %sep% %sitename%","description":"","focus_keyword":"","canonical_url":"","robots":"","primary_category":"1098","breadcrumb_title":"","facebook_title":"","facebook_description":"","facebook_image":"","facebook_image_id":"","twitter_title":"","twitter_description":"","twitter_image":"","twitter_image_id":"","twitter_card_type":"","twitter_use_facebook":"","advanced_robots":"","pillar_content":"","seo_score":"","contentai_score":"","rich_snippet":""},"_links":{"self":[{"href":"https:\/\/dailynewshungary.com\/de\/wp-json\/wp\/v2\/posts\/761868","targetHints":{"allow":["GET"]}}],"collection":[{"href":"https:\/\/dailynewshungary.com\/de\/wp-json\/wp\/v2\/posts"}],"about":[{"href":"https:\/\/dailynewshungary.com\/de\/wp-json\/wp\/v2\/types\/post"}],"author":[{"embeddable":true,"href":"https:\/\/dailynewshungary.com\/de\/wp-json\/wp\/v2\/users\/2"}],"replies":[{"embeddable":true,"href":"https:\/\/dailynewshungary.com\/de\/wp-json\/wp\/v2\/comments?post=761868"}],"version-history":[{"count":0,"href":"https:\/\/dailynewshungary.com\/de\/wp-json\/wp\/v2\/posts\/761868\/revisions"}],"wp:featuredmedia":[{"embeddable":true,"href":"https:\/\/dailynewshungary.com\/de\/wp-json\/wp\/v2\/media\/761869"}],"wp:attachment":[{"href":"https:\/\/dailynewshungary.com\/de\/wp-json\/wp\/v2\/media?parent=761868"}],"wp:term":[{"taxonomy":"category","embeddable":true,"href":"https:\/\/dailynewshungary.com\/de\/wp-json\/wp\/v2\/categories?post=761868"},{"taxonomy":"post_tag","embeddable":true,"href":"https:\/\/dailynewshungary.com\/de\/wp-json\/wp\/v2\/tags?post=761868"}],"curies":[{"name":"wp","href":"https:\/\/api.w.org\/{rel}","templated":true}]}}