{"id":761903,"date":"2016-01-09T10:00:54","date_gmt":"2016-01-09T09:00:54","guid":{"rendered":"https:\/\/dailynewshungary.com\/de\/eu-beratungsmission-in-der-ukraine-erfolgreich-sagt-leiter\/"},"modified":"2016-01-09T10:00:54","modified_gmt":"2016-01-09T09:00:54","slug":"eu-beratungsmission-in-der-ukraine-erfolgreich-sagt-leiter","status":"publish","type":"post","link":"https:\/\/dailynewshungary.com\/de\/eu-beratungsmission-in-der-ukraine-erfolgreich-sagt-leiter\/","title":{"rendered":"EU-Beratungsmission in der Ukraine \u2018erfolgreich\u2019, sagt Leiter"},"content":{"rendered":"<p><strong>Kiew, 8. Januar (MTI) \u201eKalman Mizsei, scheidender Leiter der Beratungsmission der Europ\u00e4ischen Union zur Unterst\u00fctzung der Reformen der ukrainischen nichtmilit\u00e4rischen Sicherheitsorgane, sagte, die Mission sei w\u00e4hrend seiner F\u00fchrung \u201eerfolgreich\u201cgewesen\u201d.<\/strong><\/p>\n<p>Der ungarische Diplomat, der im Juli 2014 auf den Posten berufen wurde, sagte gegen\u00fcber MTI, dass die Mission eine Schl\u00fcsselrolle bei der Ausarbeitung der Strafverfolgungsreform des Landes gespielt habe, die im vergangenen November in Kraft getreten sei. Die Mission habe auch zu einem Ende letzten Jahres verabschiedeten Gesetz beigetragen, das die Intervention des Sicherheitsdienstes auf F\u00e4lle der nationalen Sicherheit beschr\u00e4nke, was eine Voraussetzung f\u00fcr die Visaliberalisierung mit der EU sei, sagte er.<\/p>\n<p>Mizsei stellte klar, dass die Mission nicht mit der ukrainischen Nationalgarde im Kampf gegen die ostukrainischen Separatisten kooperiere \u201cEinige EU-Mitgliedstaaten bem\u00fchen sich \u00e4u\u00dferst, sicherzustellen, dass sich die EU in keiner Weise in den Ukraine-Konflikt einmischt\u201d, sagte er.<\/p>\n<p>Nachfolger von Mizsei wird mit Wirkung zum 1. Februar der litauische Polizeichef Kestutis Lancinskas.<\/p>\n<p>Die Mission wurde 2014 mit dem Ziel gegr\u00fcndet, die ukrainischen Beh\u00f6rden zu beraten, um sicherzustellen, dass die zivile Strafverfolgung im Einklang mit Rechtsstaatlichkeit und demokratischen Grunds\u00e4tzen steht und au\u00dferdem wirksam und nachhaltig ist.<\/p>\n<p><em>Foto: magyartudat.com<\/em><\/p>\n","protected":false},"excerpt":{"rendered":"<p>Kiew, 8. Januar (MTI) \u201eKalman Mizsei, scheidender Leiter der Beratungsmission der Europ\u00e4ischen Union zur Unterst\u00fctzung der Reformen der ukrainischen nichtmilit\u00e4rischen Sicherheitsorgane, sagte, die Mission sei w\u00e4hrend seiner F\u00fchrung \u201eerfolgreich\u201cgewesen\u201d. Der ungarische Diplomat, der im Juli 2014 auf den Posten berufen wurde, sagte gegen\u00fcber MTI, dass die Mission eine Schl\u00fcsselrolle bei der Ausarbeitung der Strafverfolgungsreform des [&hellip;]<\/p>\n","protected":false},"author":2,"featured_media":761904,"comment_status":"open","ping_status":"open","sticky":false,"template":"","format":"standard","meta":{"_acf_changed":false,"_display_image":"","footnotes":""},"categories":[1081],"tags":[1203,1082,1092],"class_list":["post-761903","post","type-post","status-publish","format-standard","has-post-thumbnail","hentry","category-politik","tag-armee","tag-europaische-union","tag-ukraine"],"blocksy_meta":[],"acf":[],"author_username":"alk","telegram_post":"","public_post_metadata":{"breaking_news":"","important":"","csempe":"","center_tile":"","disable_thumbnail":"","target_lang":"","_featured_image_style":"","telegram_post":"","_xlat_group_id":""},"public_rank_math_data":{"title":"%title% %sep% %sitename%","description":"","focus_keyword":"","canonical_url":"","robots":"","primary_category":"1081","breadcrumb_title":"","facebook_title":"","facebook_description":"","facebook_image":"","facebook_image_id":"","twitter_title":"","twitter_description":"","twitter_image":"","twitter_image_id":"","twitter_card_type":"","twitter_use_facebook":"","advanced_robots":"","pillar_content":"","seo_score":"","contentai_score":"","rich_snippet":""},"_links":{"self":[{"href":"https:\/\/dailynewshungary.com\/de\/wp-json\/wp\/v2\/posts\/761903","targetHints":{"allow":["GET"]}}],"collection":[{"href":"https:\/\/dailynewshungary.com\/de\/wp-json\/wp\/v2\/posts"}],"about":[{"href":"https:\/\/dailynewshungary.com\/de\/wp-json\/wp\/v2\/types\/post"}],"author":[{"embeddable":true,"href":"https:\/\/dailynewshungary.com\/de\/wp-json\/wp\/v2\/users\/2"}],"replies":[{"embeddable":true,"href":"https:\/\/dailynewshungary.com\/de\/wp-json\/wp\/v2\/comments?post=761903"}],"version-history":[{"count":0,"href":"https:\/\/dailynewshungary.com\/de\/wp-json\/wp\/v2\/posts\/761903\/revisions"}],"wp:featuredmedia":[{"embeddable":true,"href":"https:\/\/dailynewshungary.com\/de\/wp-json\/wp\/v2\/media\/761904"}],"wp:attachment":[{"href":"https:\/\/dailynewshungary.com\/de\/wp-json\/wp\/v2\/media?parent=761903"}],"wp:term":[{"taxonomy":"category","embeddable":true,"href":"https:\/\/dailynewshungary.com\/de\/wp-json\/wp\/v2\/categories?post=761903"},{"taxonomy":"post_tag","embeddable":true,"href":"https:\/\/dailynewshungary.com\/de\/wp-json\/wp\/v2\/tags?post=761903"}],"curies":[{"name":"wp","href":"https:\/\/api.w.org\/{rel}","templated":true}]}}