{"id":762097,"date":"2016-01-02T18:31:34","date_gmt":"2016-01-02T17:31:34","guid":{"rendered":"https:\/\/dailynewshungary.com\/de\/eu-fehlt-politische-einheit-sagt-ex-minister\/"},"modified":"2016-01-02T18:31:34","modified_gmt":"2016-01-02T17:31:34","slug":"eu-fehlt-politische-einheit-sagt-ex-minister","status":"publish","type":"post","link":"https:\/\/dailynewshungary.com\/de\/eu-fehlt-politische-einheit-sagt-ex-minister\/","title":{"rendered":"EU fehlt politische Einheit, sagt Ex-Minister"},"content":{"rendered":"<p><strong>Budapest, 2. Januar (MTI) \u2013 Den Mitgliedstaaten der Europ\u00e4ischen Union mangelt es an politischer Einheit und dem Willen, gemeinsam an der L\u00f6sung der Probleme des Blocks zu arbeiten, sagte der ehemalige Au\u00dfenminister Peter Balazs der Samstagsausgabe der Tageszeitung Nepszava.<\/strong><\/p>\n<p>Balazs sagte, die EU sei noch nie vor einer so gro\u00dfen Herausforderung wie der anhaltenden Fl\u00fcchtlingskrise gestanden und die Hauptfrage sei, ob die Mitgliedstaaten einen Konsens dar\u00fcber erzielen k\u00f6nnten, wie sie \u00fcberwunden werden k\u00f6nne.<\/p>\n<p>Der ehemalige Minister sagte, die \u201cst\u00e4rksten Akteure\u201d der EU seien die Mitgliedstaaten und ihre F\u00fchrer, f\u00fcgte jedoch hinzu, dass die Europ\u00e4ische Kommission eine gr\u00f6\u00dfere Rolle bei der Bew\u00e4ltigung der Migrationskrise \u00fcbernommen habe.<\/p>\n<p>Die EG sei sowohl f\u00fcr die Ausarbeitung von Handlungsoptionen im Zusammenhang mit der Migrantenkrise als auch f\u00fcr deren Ausf\u00fchrung verantwortlich gewesen, Balazs sagte, er habe von der Juncker-gef\u00fchrten EG \u201cerf\u00fcllt mit ehemaligen Ministerpr\u00e4sidenten und Ministern\u201d mehr erwartet, was ihre Bew\u00e4ltigung der Krise angeht, Er sagte, die Kommission lasse sich zu lange Zeit mit ihren Vorschl\u00e4gen, die letztlich \u201cder Fantasie fehlen und politisch nicht gut durchdacht sind\u201d.<\/p>\n<p>Er sagte, die Fl\u00fcchtlingskrise k\u00f6nne den Grad der politischen Einheit in der EU veranschaulichenW\u00e4hrend die Einf\u00fchrung des Euro ein Nord-S\u00fcd-Gef\u00e4lle innerhalb des Blocks herbeif\u00fchrte, habe die Fl\u00fcchtlingskrise zu einem Ost-West-Gef\u00e4lle gef\u00fchrt, sagte erDiese Spaltung habe jedoch zu weiteren Problemen gef\u00fchrt, da die mangelnde Solidarit\u00e4t Folgen haben k\u00f6nnte, die sich auf den neuen Haushalt der EU auswirken k\u00f6nnten, sagte Balazs.<\/p>\n<p>Peter Balazs war 2009-2010 Au\u00dfenminister der Regierung von Gordon Bajnai.<\/p>\n","protected":false},"excerpt":{"rendered":"<p>Budapest, 2. Januar (MTI) \u2013 Den Mitgliedstaaten der Europ\u00e4ischen Union mangelt es an politischer Einheit und dem Willen, gemeinsam an der L\u00f6sung der Probleme des Blocks zu arbeiten, sagte der ehemalige Au\u00dfenminister Peter Balazs der Samstagsausgabe der Tageszeitung Nepszava. Balazs sagte, die EU sei noch nie vor einer so gro\u00dfen Herausforderung wie der anhaltenden Fl\u00fcchtlingskrise [&hellip;]<\/p>\n","protected":false},"author":2,"featured_media":762098,"comment_status":"open","ping_status":"open","sticky":false,"template":"","format":"standard","meta":{"_acf_changed":false,"_display_image":"","footnotes":""},"categories":[1081],"tags":[1426,1082],"class_list":["post-762097","post","type-post","status-publish","format-standard","has-post-thumbnail","hentry","category-politik","tag-europaische-kommission","tag-europaische-union"],"blocksy_meta":[],"acf":[],"author_username":"alk","telegram_post":"","public_post_metadata":{"breaking_news":"","important":"","csempe":"","center_tile":"","disable_thumbnail":"","target_lang":"","_featured_image_style":"","telegram_post":"","_xlat_group_id":""},"public_rank_math_data":{"title":"%title% %sep% %sitename%","description":"","focus_keyword":"","canonical_url":"","robots":"","primary_category":"1081","breadcrumb_title":"","facebook_title":"","facebook_description":"","facebook_image":"","facebook_image_id":"","twitter_title":"","twitter_description":"","twitter_image":"","twitter_image_id":"","twitter_card_type":"","twitter_use_facebook":"","advanced_robots":"","pillar_content":"","seo_score":"","contentai_score":"","rich_snippet":""},"_links":{"self":[{"href":"https:\/\/dailynewshungary.com\/de\/wp-json\/wp\/v2\/posts\/762097","targetHints":{"allow":["GET"]}}],"collection":[{"href":"https:\/\/dailynewshungary.com\/de\/wp-json\/wp\/v2\/posts"}],"about":[{"href":"https:\/\/dailynewshungary.com\/de\/wp-json\/wp\/v2\/types\/post"}],"author":[{"embeddable":true,"href":"https:\/\/dailynewshungary.com\/de\/wp-json\/wp\/v2\/users\/2"}],"replies":[{"embeddable":true,"href":"https:\/\/dailynewshungary.com\/de\/wp-json\/wp\/v2\/comments?post=762097"}],"version-history":[{"count":0,"href":"https:\/\/dailynewshungary.com\/de\/wp-json\/wp\/v2\/posts\/762097\/revisions"}],"wp:featuredmedia":[{"embeddable":true,"href":"https:\/\/dailynewshungary.com\/de\/wp-json\/wp\/v2\/media\/762098"}],"wp:attachment":[{"href":"https:\/\/dailynewshungary.com\/de\/wp-json\/wp\/v2\/media?parent=762097"}],"wp:term":[{"taxonomy":"category","embeddable":true,"href":"https:\/\/dailynewshungary.com\/de\/wp-json\/wp\/v2\/categories?post=762097"},{"taxonomy":"post_tag","embeddable":true,"href":"https:\/\/dailynewshungary.com\/de\/wp-json\/wp\/v2\/tags?post=762097"}],"curies":[{"name":"wp","href":"https:\/\/api.w.org\/{rel}","templated":true}]}}