{"id":762264,"date":"2015-12-25T19:28:09","date_gmt":"2015-12-25T18:28:09","guid":{"rendered":"https:\/\/dailynewshungary.com\/de\/regierungsamtsleiter-die-wahrung-der-unabhangigkeit-ist-fur-ungarn-am-wichtigsten\/"},"modified":"2015-12-25T19:28:09","modified_gmt":"2015-12-25T18:28:09","slug":"regierungsamtsleiter-die-wahrung-der-unabhangigkeit-ist-fur-ungarn-am-wichtigsten","status":"publish","type":"post","link":"https:\/\/dailynewshungary.com\/de\/regierungsamtsleiter-die-wahrung-der-unabhangigkeit-ist-fur-ungarn-am-wichtigsten\/","title":{"rendered":"Regierungsamtsleiter: Die Wahrung der Unabh\u00e4ngigkeit ist f\u00fcr Ungarn am wichtigsten"},"content":{"rendered":"<p><strong>Budapest (MTI) (Die wichtigste Frage f\u00fcr Ungarn in den n\u00e4chsten zehn Jahren ist, inwieweit es seine Unabh\u00e4ngigkeit bewahren kann, sagte Regierungsamtsleiter Janos Lazar in einem am Donnerstag von der Tageszeitung Nepszava ver\u00f6ffentlichten Interview.<\/strong><\/p>\n<p>\u201cDas ist das Wesen der (regierenden) Politik von Fidesz und alles andere sollte man in diesem Sinne betrachten\u201d, sagte Lazar.<\/p>\n<blockquote>\n<p>\u201cWir wollen mehr Ungarn und weniger Br\u00fcssel\u201d, sagte er.<\/p>\n<\/blockquote>\n<p>Lazar f\u00fcgte hinzu, dass Ungarn die Integration nicht vertiefen wolle.<\/p>\n<p>\u201cAus unserer Sicht ist die EU in erster Linie eine Gemeinschaft wirtschaftlicher Werte und Interessen und nicht der Politik Und jetzt wollen sie uns politische Interessen aufzwingen\u201d, sagte er.<\/p>\n<p>Der Grundvertrag der EU enthalte die Grunds\u00e4tze f\u00fcr die politische Zusammenarbeit, aber \u00fcber Migranten gebe es nicht einmal ein Wort, sagte Lazar \u201cDas wurde 2004 nicht erw\u00e4hnt\u201d, als Ungarn beitrat, sagte er.<\/p>\n<p>Ungarn befindet sich in einer eigenartigen Situation, denn \u201cwenn wir mehr Arbeitskr\u00e4fte oder Menschen brauchen, die Steuern zahlen, dann k\u00f6nnen wir die Ungarn aus Transkarpatien und der Vojvodina zur R\u00fcckkehr in die Heimat aufrufenWir brauchen nicht die sozialen und kulturellen Risiken einzugehen, die mit der Aufnahme gro\u00dfer Gruppen von Migranten verbunden sind\u201d Bei unseren Landsleuten im Ausland gibt es keine sprachlichen und kulturellen Unterschiede, sie sind dieselben wie wir, f\u00fcgte er hinzu.<\/p>\n<p>Zu den EU-Migrantenquoten kommentierte er \u201cwenn diese T\u00fcr erst einmal ge\u00f6ffnet wird, wird es unm\u00f6glich sein, sie zu schlie\u00dfen\u201d Eine steigende Zahl von Migranten w\u00fcrde die sozialen Spannungen erh\u00f6hen, denn \u201cunsere Gesellschaft wird Nein zu Migranten sagen, die von Deutschland nach Ungarn \u00fcberstellt werden.<\/p>\n<p>\u201cEs gibt genug Menschen, die hier Hilfe brauchen und wenn wir jemanden unterst\u00fctzen, sollten es sie sein\u201d, sagte Lazar.<\/p>\n<p>Er sprach auch \u00fcber die Bedeutung der Ausbildung von Politikern und sagte, dass \u201cFachkr\u00e4fte in der Regierung und in unserer politischen Familie ben\u00f6tigt werden\u201d.<\/p>\n<p>\u201cWir m\u00fcssen den Weg zur\u00fcck zu den jungen Menschen finden und ihnen etwas Raum geben, wir m\u00fcssen die neue Generation einladen, auf unserer Seite zu arbeiten, talentierte Menschen vom Land, die die Nation f\u00fcr wichtig halten\u201d, sagte Lazar.<\/p>\n<p>\u201cIch habe die M\u00f6glichkeit, neben dem erfahrensten Politiker Ungarns und vielleicht Mitteleuropas zu arbeiten und ich lerne jeden Tag daraus Vielleicht kann ich sagen, ohne arrogant zu klingen, dass nur wenige wirklich \u00fcber die Funktionsweise des ungarischen Staates oder die Regierungsf\u00fchrung eines Landes mit zehn Millionen Menschen Bescheid wissen. 2018 werde ich vielleicht einer von ihnen\u201d, sagte Lazar.<\/p>\n<p><em>Foto: MTI<\/em><\/p>\n","protected":false},"excerpt":{"rendered":"<p>Budapest (MTI) (Die wichtigste Frage f\u00fcr Ungarn in den n\u00e4chsten zehn Jahren ist, inwieweit es seine Unabh\u00e4ngigkeit bewahren kann, sagte Regierungsamtsleiter Janos Lazar in einem am Donnerstag von der Tageszeitung Nepszava ver\u00f6ffentlichten Interview. \u201cDas ist das Wesen der (regierenden) Politik von Fidesz und alles andere sollte man in diesem Sinne betrachten\u201d, sagte Lazar. \u201cWir wollen [&hellip;]<\/p>\n","protected":false},"author":2,"featured_media":762265,"comment_status":"open","ping_status":"open","sticky":false,"template":"","format":"standard","meta":{"_acf_changed":false,"_display_image":"","footnotes":""},"categories":[1081],"tags":[1082],"class_list":["post-762264","post","type-post","status-publish","format-standard","has-post-thumbnail","hentry","category-politik","tag-europaische-union"],"blocksy_meta":[],"acf":[],"author_username":"alk","telegram_post":"","public_post_metadata":{"breaking_news":"","important":"","csempe":"","center_tile":"","disable_thumbnail":"","target_lang":"","_featured_image_style":"","telegram_post":"","_xlat_group_id":""},"public_rank_math_data":{"title":"%title% %sep% %sitename%","description":"","focus_keyword":"","canonical_url":"","robots":"","primary_category":"1081","breadcrumb_title":"","facebook_title":"","facebook_description":"","facebook_image":"","facebook_image_id":"","twitter_title":"","twitter_description":"","twitter_image":"","twitter_image_id":"","twitter_card_type":"","twitter_use_facebook":"","advanced_robots":"","pillar_content":"","seo_score":"","contentai_score":"","rich_snippet":""},"_links":{"self":[{"href":"https:\/\/dailynewshungary.com\/de\/wp-json\/wp\/v2\/posts\/762264","targetHints":{"allow":["GET"]}}],"collection":[{"href":"https:\/\/dailynewshungary.com\/de\/wp-json\/wp\/v2\/posts"}],"about":[{"href":"https:\/\/dailynewshungary.com\/de\/wp-json\/wp\/v2\/types\/post"}],"author":[{"embeddable":true,"href":"https:\/\/dailynewshungary.com\/de\/wp-json\/wp\/v2\/users\/2"}],"replies":[{"embeddable":true,"href":"https:\/\/dailynewshungary.com\/de\/wp-json\/wp\/v2\/comments?post=762264"}],"version-history":[{"count":0,"href":"https:\/\/dailynewshungary.com\/de\/wp-json\/wp\/v2\/posts\/762264\/revisions"}],"wp:featuredmedia":[{"embeddable":true,"href":"https:\/\/dailynewshungary.com\/de\/wp-json\/wp\/v2\/media\/762265"}],"wp:attachment":[{"href":"https:\/\/dailynewshungary.com\/de\/wp-json\/wp\/v2\/media?parent=762264"}],"wp:term":[{"taxonomy":"category","embeddable":true,"href":"https:\/\/dailynewshungary.com\/de\/wp-json\/wp\/v2\/categories?post=762264"},{"taxonomy":"post_tag","embeddable":true,"href":"https:\/\/dailynewshungary.com\/de\/wp-json\/wp\/v2\/tags?post=762264"}],"curies":[{"name":"wp","href":"https:\/\/api.w.org\/{rel}","templated":true}]}}