{"id":762314,"date":"2015-12-22T23:00:51","date_gmt":"2015-12-22T22:00:51","guid":{"rendered":"https:\/\/dailynewshungary.com\/de\/szijjarto-die-entscheidungen-der-ungarn-sollten-von-allen-respektiert-werden\/"},"modified":"2015-12-22T23:00:51","modified_gmt":"2015-12-22T22:00:51","slug":"szijjarto-die-entscheidungen-der-ungarn-sollten-von-allen-respektiert-werden","status":"publish","type":"post","link":"https:\/\/dailynewshungary.com\/de\/szijjarto-die-entscheidungen-der-ungarn-sollten-von-allen-respektiert-werden\/","title":{"rendered":"Szijjarto: Die Entscheidungen der Ungarn sollten von allen respektiert werden"},"content":{"rendered":"<p><strong>Budapest, 22. Dezember (MTI) \u201eUngarn erwartet von allen, dass sie die Entscheidungen der Ungarn respektieren, sagte Au\u00dfenminister Peter Szijjarto am Dienstag in einer Erkl\u00e4rung.<\/strong><\/p>\n<p>Szijjarto erkl\u00e4rte auf kritische Bemerkungen des luxemburgischen Ministers f\u00fcr ausw\u00e4rtige und europ\u00e4ische Angelegenheiten Jean Asselborn zu Ungarn und Polen, dass es \u201cbei Demokratie um das Volk geht, auch wenn dies dem luxemburgischen Au\u00dfenminister nicht gef\u00e4llt\u201d<\/p>\n<p>Asselborn sagte in einem Interview mit der luxemburgischen Tageszeitung Tageblatt online, dass die Pressefreiheit und die Justizverwaltung in Polen in einer an die Sowjetunion erinnernden Weise eingeschr\u00e4nkt seienEs sei jedoch eine positive Entwicklung, dass die \u00d6ffentlichkeit in Polen starken Widerstand gegen die Kontrolle der Regierung \u00fcber die Medien und das Verfassungsgericht habe, anders als in Ungarn, wo die Regierung von Ministerpr\u00e4sident Viktor Orban jahrelang eine \u00e4hnliche Politik verfolgte.<\/p>\n<p>Szijjarto sagte, dass Ungarn sich in f\u00fcnf Jahren von einem Zustand des wirtschaftlichen Zusammenbruchs erholt habe, um zu einem der besten in Europa zu werdenDie Ungarn verdienen daf\u00fcr Respekt, keine Kritikf\u00fcgte er hinzu.<\/p>\n<p>Auch die Ungarn haben eine klare Position bezogen und illegale Migration abgelehnt.<\/p>\n<p>\u201cWir erwarten, dass sich niemand daf\u00fcr r\u00e4chen will\u201d, f\u00fcgte er hinzu und forderte Asselborn auf, das ungarische Volk nicht zu kritisieren.<\/p>\n<p>Ungarn sollten \u00fcber die Zukunft Ungarns entscheiden d\u00fcrfen und Polen \u00fcber die Zukunft Polens entscheiden d\u00fcrfen, sagte Szijjarto.<\/p>\n","protected":false},"excerpt":{"rendered":"<p>Budapest, 22. Dezember (MTI) \u201eUngarn erwartet von allen, dass sie die Entscheidungen der Ungarn respektieren, sagte Au\u00dfenminister Peter Szijjarto am Dienstag in einer Erkl\u00e4rung. Szijjarto erkl\u00e4rte auf kritische Bemerkungen des luxemburgischen Ministers f\u00fcr ausw\u00e4rtige und europ\u00e4ische Angelegenheiten Jean Asselborn zu Ungarn und Polen, dass es \u201cbei Demokratie um das Volk geht, auch wenn dies dem [&hellip;]<\/p>\n","protected":false},"author":2,"featured_media":762315,"comment_status":"open","ping_status":"open","sticky":false,"template":"","format":"standard","meta":{"_acf_changed":false,"_display_image":"","footnotes":""},"categories":[1081],"tags":[1169,1082],"class_list":["post-762314","post","type-post","status-publish","format-standard","has-post-thumbnail","hentry","category-politik","tag-aussenministerium-von-ungarn","tag-europaische-union"],"blocksy_meta":[],"acf":[],"author_username":"alk","telegram_post":"","public_post_metadata":{"breaking_news":"","important":"","csempe":"","center_tile":"","disable_thumbnail":"","target_lang":"","_featured_image_style":"","telegram_post":"","_xlat_group_id":""},"public_rank_math_data":{"title":"%title% %sep% %sitename%","description":"","focus_keyword":"","canonical_url":"","robots":"","primary_category":"1081","breadcrumb_title":"","facebook_title":"","facebook_description":"","facebook_image":"","facebook_image_id":"","twitter_title":"","twitter_description":"","twitter_image":"","twitter_image_id":"","twitter_card_type":"","twitter_use_facebook":"","advanced_robots":"","pillar_content":"","seo_score":"","contentai_score":"","rich_snippet":""},"_links":{"self":[{"href":"https:\/\/dailynewshungary.com\/de\/wp-json\/wp\/v2\/posts\/762314","targetHints":{"allow":["GET"]}}],"collection":[{"href":"https:\/\/dailynewshungary.com\/de\/wp-json\/wp\/v2\/posts"}],"about":[{"href":"https:\/\/dailynewshungary.com\/de\/wp-json\/wp\/v2\/types\/post"}],"author":[{"embeddable":true,"href":"https:\/\/dailynewshungary.com\/de\/wp-json\/wp\/v2\/users\/2"}],"replies":[{"embeddable":true,"href":"https:\/\/dailynewshungary.com\/de\/wp-json\/wp\/v2\/comments?post=762314"}],"version-history":[{"count":0,"href":"https:\/\/dailynewshungary.com\/de\/wp-json\/wp\/v2\/posts\/762314\/revisions"}],"wp:featuredmedia":[{"embeddable":true,"href":"https:\/\/dailynewshungary.com\/de\/wp-json\/wp\/v2\/media\/762315"}],"wp:attachment":[{"href":"https:\/\/dailynewshungary.com\/de\/wp-json\/wp\/v2\/media?parent=762314"}],"wp:term":[{"taxonomy":"category","embeddable":true,"href":"https:\/\/dailynewshungary.com\/de\/wp-json\/wp\/v2\/categories?post=762314"},{"taxonomy":"post_tag","embeddable":true,"href":"https:\/\/dailynewshungary.com\/de\/wp-json\/wp\/v2\/tags?post=762314"}],"curies":[{"name":"wp","href":"https:\/\/api.w.org\/{rel}","templated":true}]}}