{"id":762490,"date":"2015-12-16T20:45:43","date_gmt":"2015-12-16T19:45:43","guid":{"rendered":"https:\/\/dailynewshungary.com\/de\/das-ep-nimmt-eine-entschliesung-zur-lage-in-ungarn-ohne-aufforderung-nach-artikel-7-an\/"},"modified":"2015-12-16T20:45:43","modified_gmt":"2015-12-16T19:45:43","slug":"das-ep-nimmt-eine-entschliesung-zur-lage-in-ungarn-ohne-aufforderung-nach-artikel-7-an","status":"publish","type":"post","link":"https:\/\/dailynewshungary.com\/de\/das-ep-nimmt-eine-entschliesung-zur-lage-in-ungarn-ohne-aufforderung-nach-artikel-7-an\/","title":{"rendered":"Das EP nimmt eine Entschlie\u00dfung zur Lage in Ungarn ohne Aufforderung nach Artikel 7 an"},"content":{"rendered":"<p><strong>Budapest, 16. Dezember (MTI) \u2013 Das Europ\u00e4ische Parlament hat am Mittwoch als Folgema\u00dfnahme zur EP-Entschlie\u00dfung vom Juni 2015 eine Entschlie\u00dfung zur Lage in Ungarn angenommen, jedoch einen Antrag zur Vorbereitung des festgelegten Verfahrens aus dem endg\u00fcltigen Text ausgeschlossen in Artikel 7 des EU-Vertrags, der Ungarn aus der Europ\u00e4ischen Union ausschlie\u00dfen w\u00fcrde.<\/strong><\/p>\n<p>Die Resolution wurde den Sozialdemokraten, Liberalen, Gr\u00fcnen und den radikalen linken Fraktionen des Europ\u00e4ischen Parlaments zur Annahme vorgeschlagen.<\/p>\n<p>Das Plenum des EP stimmte mit 327 Ja-Stimmen und 293 Nein-Stimmen gegen die Entschlie\u00dfung, in der die Europ\u00e4ische Kommission aufgefordert wird, Verfahren zur St\u00e4rkung der Rechtsstaatlichkeit einzuleiten und den Zustand der Demokratie und der Grundrechte in Ungarn zu \u00fcberwachen. Die Kommission sollte auch pr\u00fcfen, ob es in Ungarn zu einem systemischen Versto\u00df gegen diese Werte kommt, hei\u00dft es in dem Dokument.<\/p>\n<p>In der Entschlie\u00dfung wurde die Bewertung der Situation durch die Kommission vom 2. Dezember kritisiert, die nach Angaben des EP zu marginal und technisch sei und die globalen Auswirkungen von Ma\u00dfnahmen auf die Rechtsstaatlichkeit und die Grundrechte in Ungarn au\u00dfer Acht lasse.<\/p>\n<p>In Ungarn seien die Meinungsfreiheit, die Menschenrechte von Migranten, Asylsuchenden und Fl\u00fcchtlingen und die Aktivit\u00e4ten ziviler Organisationen sowie die Rechte von Minderheiten wie denen von Angeh\u00f6rigen der Roma-, j\u00fcdischen und LGBT-Gemeinschaften eingeschr\u00e4nkt worden Resolution hie\u00df es Dar\u00fcber hinaus wurden Bedenken hinsichtlich der Funktionsweise der verfassungsm\u00e4\u00dfigen Ordnung und des Justizsystems sowie der Unabh\u00e4ngigkeit mehrerer anderer Institutionen sowie der Korruption ge\u00e4u\u00dfert, f\u00fcgte sie hinzu. In der Entschlie\u00dfung hie\u00df es, Ungarn habe Fl\u00fcchtlinge ungerechtfertigt kriminalisiert und es wurden Bedenken hinsichtlich der Achtung Ungarns ge\u00e4u\u00dfert Grundsatz der Nichtzur\u00fcckweisung, was bedeutet, dass niemand in ein Land zur\u00fcckgeschickt werden kann, in dem sein Leben oder seine Gesundheit in Gefahr sind oder in dem er oder sie verfolgt werden kann. Weitere Kritik an Ungarn bezog sich auf die Inhaftierung von Fl\u00fcchtlingen und die \u201eEpublikheitliche\u201czur\u00fccknahme\u201d-Kampagne zu den Krisen- und die ungarischen Kommunikationsrisiken.<\/p>\n<p>Europaabgeordnete der regierenden Fidesz-Christdemokraten nannten die Resolution \u201ceine Rache und einen offenen Angriff\u201d auf Ungarn, weil das Land die obligatorischen Migrantenquoten der EU ablehneDie Gruppe sehe eine \u201ckoordinierte Kampagne\u201d gegen Ungarn, ausgel\u00f6st durch eine Missbilligung der Migrantenpolitik der Regierung, hie\u00df es in einer Erkl\u00e4rung.<\/p>\n<p>Der sozialistische Europaabgeordnete Istvan Ujhelyi enthielt sich der StimmeEr sagte in einer Erkl\u00e4rung, er werde keinen Vorschlag unterst\u00fctzen, der darauf abzielt, \u201cUngarn f\u00fcr die Verbrechen des (Premierministers) Viktor Orban zu bestrafen\u201d.<\/p>\n<p>Ujhelyi schlug vor, dass die Europ\u00e4ische Kommission einen \u201ceffizienten Mechanismus zur Verhinderung des weiteren Aufbaus von Orbans Parteistaat aus EU-Mitteln\u201d ausarbeiten sollte.<\/p>\n<p>Peter Niedermuller, Europaabgeordneter der Demokratischen Koalition, sah in diesem Schritt Europas \u201eAnerkennung, dass Orbans Regierung nicht nur eine Bedrohung f\u00fcr Ungarn, sondern f\u00fcr ganz Europa darstellt\u201cEr sagte, die Resolution richte sich eher an die ungarische Regierung als an das Land und \u00e4u\u00dferte seine Unterst\u00fctzung f\u00fcr Untersuchungen zur Verwendung von Gemeinschaftsmitteln durch Ungarn.<\/p>\n","protected":false},"excerpt":{"rendered":"<p>Budapest, 16. Dezember (MTI) \u2013 Das Europ\u00e4ische Parlament hat am Mittwoch als Folgema\u00dfnahme zur EP-Entschlie\u00dfung vom Juni 2015 eine Entschlie\u00dfung zur Lage in Ungarn angenommen, jedoch einen Antrag zur Vorbereitung des festgelegten Verfahrens aus dem endg\u00fcltigen Text ausgeschlossen in Artikel 7 des EU-Vertrags, der Ungarn aus der Europ\u00e4ischen Union ausschlie\u00dfen w\u00fcrde. Die Resolution wurde den [&hellip;]<\/p>\n","protected":false},"author":2,"featured_media":762491,"comment_status":"open","ping_status":"open","sticky":false,"template":"","format":"standard","meta":{"_acf_changed":false,"_display_image":"","footnotes":""},"categories":[1081],"tags":[1082,1091,1445,1267],"class_list":["post-762490","post","type-post","status-publish","format-standard","has-post-thumbnail","hentry","category-politik","tag-europaische-union","tag-fidesz","tag-migration","tag-rechte"],"blocksy_meta":[],"acf":[],"author_username":"alk","telegram_post":"","public_post_metadata":{"breaking_news":"","important":"","csempe":"","center_tile":"","disable_thumbnail":"","target_lang":"","_featured_image_style":"","telegram_post":"","_xlat_group_id":""},"public_rank_math_data":{"title":"%title% %sep% %sitename%","description":"","focus_keyword":"","canonical_url":"","robots":"","primary_category":"1081","breadcrumb_title":"","facebook_title":"","facebook_description":"","facebook_image":"","facebook_image_id":"","twitter_title":"","twitter_description":"","twitter_image":"","twitter_image_id":"","twitter_card_type":"","twitter_use_facebook":"","advanced_robots":"","pillar_content":"","seo_score":"","contentai_score":"","rich_snippet":""},"_links":{"self":[{"href":"https:\/\/dailynewshungary.com\/de\/wp-json\/wp\/v2\/posts\/762490","targetHints":{"allow":["GET"]}}],"collection":[{"href":"https:\/\/dailynewshungary.com\/de\/wp-json\/wp\/v2\/posts"}],"about":[{"href":"https:\/\/dailynewshungary.com\/de\/wp-json\/wp\/v2\/types\/post"}],"author":[{"embeddable":true,"href":"https:\/\/dailynewshungary.com\/de\/wp-json\/wp\/v2\/users\/2"}],"replies":[{"embeddable":true,"href":"https:\/\/dailynewshungary.com\/de\/wp-json\/wp\/v2\/comments?post=762490"}],"version-history":[{"count":0,"href":"https:\/\/dailynewshungary.com\/de\/wp-json\/wp\/v2\/posts\/762490\/revisions"}],"wp:featuredmedia":[{"embeddable":true,"href":"https:\/\/dailynewshungary.com\/de\/wp-json\/wp\/v2\/media\/762491"}],"wp:attachment":[{"href":"https:\/\/dailynewshungary.com\/de\/wp-json\/wp\/v2\/media?parent=762490"}],"wp:term":[{"taxonomy":"category","embeddable":true,"href":"https:\/\/dailynewshungary.com\/de\/wp-json\/wp\/v2\/categories?post=762490"},{"taxonomy":"post_tag","embeddable":true,"href":"https:\/\/dailynewshungary.com\/de\/wp-json\/wp\/v2\/tags?post=762490"}],"curies":[{"name":"wp","href":"https:\/\/api.w.org\/{rel}","templated":true}]}}