{"id":762506,"date":"2015-12-16T15:14:59","date_gmt":"2015-12-16T14:14:59","guid":{"rendered":"https:\/\/dailynewshungary.com\/de\/ungarn-soll-weitere-101-800-eur-zum-eu-afrika-fonds-beitragen\/"},"modified":"2015-12-16T15:14:59","modified_gmt":"2015-12-16T14:14:59","slug":"ungarn-soll-weitere-101-800-eur-zum-eu-afrika-fonds-beitragen","status":"publish","type":"post","link":"https:\/\/dailynewshungary.com\/de\/ungarn-soll-weitere-101-800-eur-zum-eu-afrika-fonds-beitragen\/","title":{"rendered":"Ungarn soll weitere 101.800 EUR zum EU-Afrika-Fonds beitragen"},"content":{"rendered":"<p><strong>Budapest, 16. Dezember (MTI) \u2013 Ungarn wird weitere 32,25 Millionen Forint (101.800 EUR) zum Nothilfe-Treuhandfonds der Europ\u00e4ischen Union f\u00fcr Afrika beitragen, wie aus einem Regierungserlass hervorgeht, der in der neuesten Ausgabe des Amtsblattes Magyar Kozlony ver\u00f6ffentlicht wurde.<\/strong><\/p>\n<p>In dem von Ministerpr\u00e4sident Viktor Orban unterzeichneten Dekret hei\u00dft es, dass der Wirtschaftsminister bis zum Jahresende 31,5 Millionen Forint f\u00fcr den Beitrag selbst und weitere 750.000 Forint f\u00fcr Verwaltungsausgaben vorsehen muss, womit sich der Gesamtbeitrag auf 32,25 Millionen Forint bel\u00e4uft.<\/p>\n<p>In dem Dekret hie\u00df es, Ungarn habe zuvor 189 Millionen Forint zum Notfallfonds beigetragen.<\/p>\n","protected":false},"excerpt":{"rendered":"<p>Budapest, 16. Dezember (MTI) \u2013 Ungarn wird weitere 32,25 Millionen Forint (101.800 EUR) zum Nothilfe-Treuhandfonds der Europ\u00e4ischen Union f\u00fcr Afrika beitragen, wie aus einem Regierungserlass hervorgeht, der in der neuesten Ausgabe des Amtsblattes Magyar Kozlony ver\u00f6ffentlicht wurde. In dem von Ministerpr\u00e4sident Viktor Orban unterzeichneten Dekret hei\u00dft es, dass der Wirtschaftsminister bis zum Jahresende 31,5 Millionen [&hellip;]<\/p>\n","protected":false},"author":2,"featured_media":762507,"comment_status":"open","ping_status":"open","sticky":false,"template":"","format":"standard","meta":{"_acf_changed":false,"_display_image":"","footnotes":""},"categories":[1081],"tags":[1155,1082],"class_list":["post-762506","post","type-post","status-publish","format-standard","has-post-thumbnail","hentry","category-politik","tag-afrika","tag-europaische-union"],"blocksy_meta":[],"acf":[],"author_username":"alk","telegram_post":"","public_post_metadata":{"breaking_news":"","important":"","csempe":"","center_tile":"","disable_thumbnail":"","target_lang":"","_featured_image_style":"","telegram_post":"","_xlat_group_id":""},"public_rank_math_data":{"title":"%title% %sep% %sitename%","description":"","focus_keyword":"","canonical_url":"","robots":"","primary_category":"1081","breadcrumb_title":"","facebook_title":"","facebook_description":"","facebook_image":"","facebook_image_id":"","twitter_title":"","twitter_description":"","twitter_image":"","twitter_image_id":"","twitter_card_type":"","twitter_use_facebook":"","advanced_robots":"","pillar_content":"","seo_score":"","contentai_score":"","rich_snippet":""},"_links":{"self":[{"href":"https:\/\/dailynewshungary.com\/de\/wp-json\/wp\/v2\/posts\/762506","targetHints":{"allow":["GET"]}}],"collection":[{"href":"https:\/\/dailynewshungary.com\/de\/wp-json\/wp\/v2\/posts"}],"about":[{"href":"https:\/\/dailynewshungary.com\/de\/wp-json\/wp\/v2\/types\/post"}],"author":[{"embeddable":true,"href":"https:\/\/dailynewshungary.com\/de\/wp-json\/wp\/v2\/users\/2"}],"replies":[{"embeddable":true,"href":"https:\/\/dailynewshungary.com\/de\/wp-json\/wp\/v2\/comments?post=762506"}],"version-history":[{"count":0,"href":"https:\/\/dailynewshungary.com\/de\/wp-json\/wp\/v2\/posts\/762506\/revisions"}],"wp:featuredmedia":[{"embeddable":true,"href":"https:\/\/dailynewshungary.com\/de\/wp-json\/wp\/v2\/media\/762507"}],"wp:attachment":[{"href":"https:\/\/dailynewshungary.com\/de\/wp-json\/wp\/v2\/media?parent=762506"}],"wp:term":[{"taxonomy":"category","embeddable":true,"href":"https:\/\/dailynewshungary.com\/de\/wp-json\/wp\/v2\/categories?post=762506"},{"taxonomy":"post_tag","embeddable":true,"href":"https:\/\/dailynewshungary.com\/de\/wp-json\/wp\/v2\/tags?post=762506"}],"curies":[{"name":"wp","href":"https:\/\/api.w.org\/{rel}","templated":true}]}}