{"id":762542,"date":"2015-12-15T14:00:20","date_gmt":"2015-12-15T13:00:20","guid":{"rendered":"https:\/\/dailynewshungary.com\/de\/jobbik-fordert-die-regierung-dringend-auf-ein-veto-gegen-die-verlangerung-der-eu-sanktionen-gegen-russland-einzulegen\/"},"modified":"2015-12-15T14:00:20","modified_gmt":"2015-12-15T13:00:20","slug":"jobbik-fordert-die-regierung-dringend-auf-ein-veto-gegen-die-verlangerung-der-eu-sanktionen-gegen-russland-einzulegen","status":"publish","type":"post","link":"https:\/\/dailynewshungary.com\/de\/jobbik-fordert-die-regierung-dringend-auf-ein-veto-gegen-die-verlangerung-der-eu-sanktionen-gegen-russland-einzulegen\/","title":{"rendered":"Jobbik fordert die Regierung dringend auf, ein Veto gegen die Verl\u00e4ngerung der EU-Sanktionen gegen Russland einzulegen"},"content":{"rendered":"<p><strong>Budapest, 15. Dezember (MTI) \u2013 Da die EU-Wirtschaftssanktionen gegen Russland gegen die wirtschaftlichen Interessen Ungarns wirken, sollte die Regierung in Br\u00fcssel gegen eine Ausweitung dieser Sanktionen Lobbyarbeit betreiben, sagte ein Gesetzgeber des radikalen Nationalisten Jobbik am Dienstag.<\/strong><\/p>\n<p>Die Staats &#8211; und Regierungschefs der EU sollen bei einem Treffen sp\u00e4ter in dieser Woche eine endg\u00fcltige Entscheidung \u00fcber die Verl\u00e4ngerung der Sanktionen gegen Russland um sechs Monate treffen, sagte Marton Gyongyosi auf einer Pressekonferenz.<\/p>\n<p>Er verwies auf Daten, die Au\u00dfenminister Peter Szijjarto bei seiner Anh\u00f6rung im Parlamentsausschuss zitiert hatte und aus denen hervorgeht, dass Ungarns Exporte nach Russland aufgrund der Sanktionen in den ersten neun Monaten des Jahres 2015 um 21 Prozent zur\u00fcckgegangen seien.<\/p>\n<p>\u201cDieser kurzsichtige Krieg der Wirtschafts &#8211; und Handelssanktionen\u201d wirkt sich zum Nachteil der wirtschaftlichen Interessen Ungarns aus, so sehr er auch jedem anderen EU-Mitgliedstaat schadet, sagte er.<\/p>\n<p>Jobbik fordert die ungarische Regierung auf, ihr M\u00f6glichstes zu tun und die nationalen wirtschaftlichen Interessen des Landes auf der Tagung auf EU-Ebene zu vertreten, sagte Gyongyosi.<\/p>\n<p><em>Foto: MTI<\/em><\/p>\n","protected":false},"excerpt":{"rendered":"<p>Budapest, 15. Dezember (MTI) \u2013 Da die EU-Wirtschaftssanktionen gegen Russland gegen die wirtschaftlichen Interessen Ungarns wirken, sollte die Regierung in Br\u00fcssel gegen eine Ausweitung dieser Sanktionen Lobbyarbeit betreiben, sagte ein Gesetzgeber des radikalen Nationalisten Jobbik am Dienstag. Die Staats &#8211; und Regierungschefs der EU sollen bei einem Treffen sp\u00e4ter in dieser Woche eine endg\u00fcltige Entscheidung [&hellip;]<\/p>\n","protected":false},"author":2,"featured_media":762543,"comment_status":"open","ping_status":"open","sticky":false,"template":"","format":"standard","meta":{"_acf_changed":false,"_display_image":"","footnotes":""},"categories":[1081],"tags":[1082,1632,1209],"class_list":["post-762542","post","type-post","status-publish","format-standard","has-post-thumbnail","hentry","category-politik","tag-europaische-union","tag-jobbik","tag-russland"],"blocksy_meta":[],"acf":[],"author_username":"alk","telegram_post":"","public_post_metadata":{"breaking_news":"","important":"","csempe":"","center_tile":"","disable_thumbnail":"","target_lang":"","_featured_image_style":"","telegram_post":"","_xlat_group_id":""},"public_rank_math_data":{"title":"%title% %sep% %sitename%","description":"","focus_keyword":"","canonical_url":"","robots":"","primary_category":"1081","breadcrumb_title":"","facebook_title":"","facebook_description":"","facebook_image":"","facebook_image_id":"","twitter_title":"","twitter_description":"","twitter_image":"","twitter_image_id":"","twitter_card_type":"","twitter_use_facebook":"","advanced_robots":"","pillar_content":"","seo_score":"","contentai_score":"","rich_snippet":""},"_links":{"self":[{"href":"https:\/\/dailynewshungary.com\/de\/wp-json\/wp\/v2\/posts\/762542","targetHints":{"allow":["GET"]}}],"collection":[{"href":"https:\/\/dailynewshungary.com\/de\/wp-json\/wp\/v2\/posts"}],"about":[{"href":"https:\/\/dailynewshungary.com\/de\/wp-json\/wp\/v2\/types\/post"}],"author":[{"embeddable":true,"href":"https:\/\/dailynewshungary.com\/de\/wp-json\/wp\/v2\/users\/2"}],"replies":[{"embeddable":true,"href":"https:\/\/dailynewshungary.com\/de\/wp-json\/wp\/v2\/comments?post=762542"}],"version-history":[{"count":0,"href":"https:\/\/dailynewshungary.com\/de\/wp-json\/wp\/v2\/posts\/762542\/revisions"}],"wp:featuredmedia":[{"embeddable":true,"href":"https:\/\/dailynewshungary.com\/de\/wp-json\/wp\/v2\/media\/762543"}],"wp:attachment":[{"href":"https:\/\/dailynewshungary.com\/de\/wp-json\/wp\/v2\/media?parent=762542"}],"wp:term":[{"taxonomy":"category","embeddable":true,"href":"https:\/\/dailynewshungary.com\/de\/wp-json\/wp\/v2\/categories?post=762542"},{"taxonomy":"post_tag","embeddable":true,"href":"https:\/\/dailynewshungary.com\/de\/wp-json\/wp\/v2\/tags?post=762542"}],"curies":[{"name":"wp","href":"https:\/\/api.w.org\/{rel}","templated":true}]}}