{"id":762558,"date":"2015-12-14T21:00:14","date_gmt":"2015-12-14T20:00:14","guid":{"rendered":"https:\/\/dailynewshungary.com\/de\/ostliche-partnerschaft-schutz-der-ausengrenzen-oberste-prioritat-sagt-szijjarto-in-brussel\/"},"modified":"2015-12-14T21:00:14","modified_gmt":"2015-12-14T20:00:14","slug":"ostliche-partnerschaft-schutz-der-ausengrenzen-oberste-prioritat-sagt-szijjarto-in-brussel","status":"publish","type":"post","link":"https:\/\/dailynewshungary.com\/de\/ostliche-partnerschaft-schutz-der-ausengrenzen-oberste-prioritat-sagt-szijjarto-in-brussel\/","title":{"rendered":"\u00d6stliche Partnerschaft, Schutz der Au\u00dfengrenzen oberste Priorit\u00e4t, sagt Szijjarto in Br\u00fcssel\u00a0"},"content":{"rendered":"<p><strong>Br\u00fcssel, 14. Dezember (MTI) \u2013 Die Europ\u00e4ische Union muss sich st\u00e4rker auf ihre Nachbarn konzentrieren, da Instabilit\u00e4t in Partnerl\u00e4ndern eine erhebliche Gefahr f\u00fcr Europa darstellen k\u00f6nnte, sagte Au\u00dfenminister Peter Szijjarto am Rande eines Treffens seiner EU-Kollegen in Br\u00fcssel gegen\u00fcber Reportern am Montag.<\/strong><\/p>\n<p>Der Schutz der Au\u00dfengrenzen der Gemeinschaft sei eine gemeinsame Sache, sagte Szijjarto, und dr\u00e4ngte auf eine \u201cviel festere\u201d Haltung.<\/p>\n<p>Bez\u00fcglich des Programms der \u00d6stlichen Partnerschaft sagte der Minister, die EU sollte eine proaktive Rolle \u00fcbernehmen, um den Einfluss Russlands auszugleichen.<\/p>\n<p>Ungarn dr\u00e4nge auf eine pragmatische gesch\u00e4ftliche Zusammenarbeit mit \u00f6stlichen Partnern, sagte Szijjarto, und argumentierte, dass ein Dialog, der auf gegenseitigem Nutzen mit Russland und den assoziierten regionalen Wirtschaftsgemeinschaften basiert, auch f\u00fcr die Europ\u00e4ische Union von Vorteil w\u00e4re.<\/p>\n<p>Zu den Sanktionen gegen Russland sagte Szijjarto, Ungarn beobachte weiterhin die diesbez\u00fcglichen Entscheidungen der EUEs ist jedoch der Ansicht, dass die Sanktionen die Umsetzung der Minsker Vereinbarungen nicht gef\u00f6rdert und Russland, der Ukraine und der Europ\u00e4ischen Union, einschlie\u00dflich Ungarn, Schaden zugef\u00fcgt haben, so haben beispielsweise ungarische Unternehmen seit ihrer Einf\u00fchrung 3 Milliarden Dollar verloren, sagte er.<\/p>\n<p>Szijjarto \u00e4u\u00dferte die Hoffnung, dass die von den Au\u00dfenministern ausgesetzten Sanktionen gegen Belarus im kommenden Februar beendet w\u00fcrden.<\/p>\n<p>Er sagte, dass Georgien Anfang n\u00e4chsten Jahres in Anerkennung der Reformma\u00dfnahmen und Erfolge dieses Landes die vollst\u00e4ndige Befreiung von der Visumpflicht gew\u00e4hrt werden sollte.<\/p>\n<p>Szijjarto w\u00fcrdigte die Bem\u00fchungen Mazedoniens zum Schutz der Grenzen Europas sehr.<\/p>\n<p>Der Minister betonte die Notwendigkeit, die finanzielle Unterst\u00fctzung f\u00fcr den Libanon, die T\u00fcrkei, Jordanien und Fl\u00fcchtlingslager in der irakischen Region Kurdistan zu verst\u00e4rken, um Fl\u00fcchtlingen, die vor dem Terror fliehen, den Aufenthalt in der N\u00e4he ihres Heimatlandes zu erm\u00f6glichen.<\/p>\n<p>Der Minister sagte, Ungarn anerkenne die Bem\u00fchungen der T\u00fcrkei, die Fl\u00fcchtlingswelle einzud\u00e4mmen, und unterst\u00fctze, dass die Vorbereitungen f\u00fcr den EU-Beitritt und die Befreiung von der Visumpflicht dieses Landes beschleunigt werden sollten.<\/p>\n<p><em>Foto: MTI<\/em><\/p>\n","protected":false},"excerpt":{"rendered":"<p>Br\u00fcssel, 14. Dezember (MTI) \u2013 Die Europ\u00e4ische Union muss sich st\u00e4rker auf ihre Nachbarn konzentrieren, da Instabilit\u00e4t in Partnerl\u00e4ndern eine erhebliche Gefahr f\u00fcr Europa darstellen k\u00f6nnte, sagte Au\u00dfenminister Peter Szijjarto am Rande eines Treffens seiner EU-Kollegen in Br\u00fcssel gegen\u00fcber Reportern am Montag. Der Schutz der Au\u00dfengrenzen der Gemeinschaft sei eine gemeinsame Sache, sagte Szijjarto, und [&hellip;]<\/p>\n","protected":false},"author":2,"featured_media":762559,"comment_status":"open","ping_status":"open","sticky":false,"template":"","format":"standard","meta":{"_acf_changed":false,"_display_image":"","footnotes":""},"categories":[1081],"tags":[1470,1243,1082,1445,1543],"class_list":["post-762558","post","type-post","status-publish","format-standard","has-post-thumbnail","hentry","category-politik","tag-ausenministerium-fur-ungarn","tag-balkan","tag-europaische-union","tag-migration","tag-terrorismus"],"blocksy_meta":[],"acf":[],"author_username":"alk","telegram_post":"","public_post_metadata":{"breaking_news":"","important":"","csempe":"","center_tile":"","disable_thumbnail":"","target_lang":"","_featured_image_style":"","telegram_post":"","_xlat_group_id":""},"public_rank_math_data":{"title":"%title% %sep% %sitename%","description":"","focus_keyword":"","canonical_url":"","robots":"","primary_category":"1081","breadcrumb_title":"","facebook_title":"","facebook_description":"","facebook_image":"","facebook_image_id":"","twitter_title":"","twitter_description":"","twitter_image":"","twitter_image_id":"","twitter_card_type":"","twitter_use_facebook":"","advanced_robots":"","pillar_content":"","seo_score":"","contentai_score":"","rich_snippet":""},"_links":{"self":[{"href":"https:\/\/dailynewshungary.com\/de\/wp-json\/wp\/v2\/posts\/762558","targetHints":{"allow":["GET"]}}],"collection":[{"href":"https:\/\/dailynewshungary.com\/de\/wp-json\/wp\/v2\/posts"}],"about":[{"href":"https:\/\/dailynewshungary.com\/de\/wp-json\/wp\/v2\/types\/post"}],"author":[{"embeddable":true,"href":"https:\/\/dailynewshungary.com\/de\/wp-json\/wp\/v2\/users\/2"}],"replies":[{"embeddable":true,"href":"https:\/\/dailynewshungary.com\/de\/wp-json\/wp\/v2\/comments?post=762558"}],"version-history":[{"count":0,"href":"https:\/\/dailynewshungary.com\/de\/wp-json\/wp\/v2\/posts\/762558\/revisions"}],"wp:featuredmedia":[{"embeddable":true,"href":"https:\/\/dailynewshungary.com\/de\/wp-json\/wp\/v2\/media\/762559"}],"wp:attachment":[{"href":"https:\/\/dailynewshungary.com\/de\/wp-json\/wp\/v2\/media?parent=762558"}],"wp:term":[{"taxonomy":"category","embeddable":true,"href":"https:\/\/dailynewshungary.com\/de\/wp-json\/wp\/v2\/categories?post=762558"},{"taxonomy":"post_tag","embeddable":true,"href":"https:\/\/dailynewshungary.com\/de\/wp-json\/wp\/v2\/tags?post=762558"}],"curies":[{"name":"wp","href":"https:\/\/api.w.org\/{rel}","templated":true}]}}