{"id":762672,"date":"2015-12-10T17:10:39","date_gmt":"2015-12-10T16:10:39","guid":{"rendered":"https:\/\/dailynewshungary.com\/de\/orban-audi-hungaria-neuer-chef-diskutieren-uber-zukunftige-zusammenarbeit\/"},"modified":"2015-12-10T17:10:39","modified_gmt":"2015-12-10T16:10:39","slug":"orban-audi-hungaria-neuer-chef-diskutieren-uber-zukunftige-zusammenarbeit","status":"publish","type":"post","link":"https:\/\/dailynewshungary.com\/de\/orban-audi-hungaria-neuer-chef-diskutieren-uber-zukunftige-zusammenarbeit\/","title":{"rendered":"Orban, Audi Hungaria neuer Chef, diskutieren \u00fcber zuk\u00fcnftige Zusammenarbeit"},"content":{"rendered":"<p><strong>Budapest, 10. Dezember (MTI) \u2013 Der ungarische Ministerpr\u00e4sident Viktor Orban traf sich am Donnerstag mit dem neuen Gesch\u00e4ftsf\u00fchrer von Audi Hungaria Motor, Peter Koessler, um die zuk\u00fcnftige Zusammenarbeit zwischen der Regierung und dem deutschen Automobilhersteller zu besprechen.<\/strong><\/p>\n<p>Orban sagte dem \u00f6ffentlich-rechtlichen Nachrichtensender M1 nach der Sitzung im Parlament, er habe Koessler versichert, dass Ungarn Audi weiterhin \u201cdurch dick und d\u00fcnn\u201d unterst\u00fctzen werde.<\/p>\n<p>Er stellte fest, dass Audi selbst 11.000 Mitarbeiter in Ungarn besch\u00e4ftigt und insgesamt 20.000, wenn man die bei seinen Zulieferern besch\u00e4ftigten Personen mitz\u00e4hlt Orban sagte, das wertvollste Gut des Werks Gyor seien seine ungarischen Arbeiter, die Audi Hungaria seiner Meinung nach auf internationaler Ebene erfolgreich gemacht h\u00e4tten.<\/p>\n<p>Orban dankte Audi f\u00fcr seine Ma\u00dfnahmen zur sozialen Verantwortung von Unternehmen, wie zum Beispiel die Unterst\u00fctzung von Kinderg\u00e4rten, Schulen und der Szechenyi Istvan University in Gyor (Nordwestungarn).<\/p>\n<p>Koessler sagte, Audi Hungaria sei eine \u201eechte Erfolgsgeschichte\u201cund f\u00fcgte hinzu, dass Audi eine fruchtbare Beziehung zur ungarischen Regierung aufgebaut habe, die es auch in Zukunft fortsetzen wolle.<\/p>\n<p>Der neue Gesch\u00e4ftsf\u00fchrer sagte, Audi Hungaria sei eine wichtige Tochtergesellschaft des Audi-Konzerns. Koessler dankte der ungarischen Regierung f\u00fcr die Unterst\u00fctzung der Investitionen des Unternehmens und sagte, Audi Hungaria werde seine Zusammenarbeit im Hochschulbereich ausbauen.<\/p>\n<p><em>Foto: MTI<\/em><\/p>\n","protected":false},"excerpt":{"rendered":"<p>Budapest, 10. Dezember (MTI) \u2013 Der ungarische Ministerpr\u00e4sident Viktor Orban traf sich am Donnerstag mit dem neuen Gesch\u00e4ftsf\u00fchrer von Audi Hungaria Motor, Peter Koessler, um die zuk\u00fcnftige Zusammenarbeit zwischen der Regierung und dem deutschen Automobilhersteller zu besprechen. Orban sagte dem \u00f6ffentlich-rechtlichen Nachrichtensender M1 nach der Sitzung im Parlament, er habe Koessler versichert, dass Ungarn Audi [&hellip;]<\/p>\n","protected":false},"author":2,"featured_media":762673,"comment_status":"open","ping_status":"open","sticky":false,"template":"","format":"standard","meta":{"_acf_changed":false,"_display_image":"","footnotes":""},"categories":[1281],"tags":[1489,1128],"class_list":["post-762672","post","type-post","status-publish","format-standard","has-post-thumbnail","hentry","category-geschaft","tag-industrie","tag-viktor-orban"],"blocksy_meta":[],"acf":[],"author_username":"alk","telegram_post":"","public_post_metadata":{"breaking_news":"","important":"","csempe":"","center_tile":"","disable_thumbnail":"","target_lang":"","_featured_image_style":"","telegram_post":"","_xlat_group_id":""},"public_rank_math_data":{"title":"%title% %sep% %sitename%","description":"","focus_keyword":"","canonical_url":"","robots":"","primary_category":"1281","breadcrumb_title":"","facebook_title":"","facebook_description":"","facebook_image":"","facebook_image_id":"","twitter_title":"","twitter_description":"","twitter_image":"","twitter_image_id":"","twitter_card_type":"","twitter_use_facebook":"","advanced_robots":"","pillar_content":"","seo_score":"","contentai_score":"","rich_snippet":""},"_links":{"self":[{"href":"https:\/\/dailynewshungary.com\/de\/wp-json\/wp\/v2\/posts\/762672","targetHints":{"allow":["GET"]}}],"collection":[{"href":"https:\/\/dailynewshungary.com\/de\/wp-json\/wp\/v2\/posts"}],"about":[{"href":"https:\/\/dailynewshungary.com\/de\/wp-json\/wp\/v2\/types\/post"}],"author":[{"embeddable":true,"href":"https:\/\/dailynewshungary.com\/de\/wp-json\/wp\/v2\/users\/2"}],"replies":[{"embeddable":true,"href":"https:\/\/dailynewshungary.com\/de\/wp-json\/wp\/v2\/comments?post=762672"}],"version-history":[{"count":0,"href":"https:\/\/dailynewshungary.com\/de\/wp-json\/wp\/v2\/posts\/762672\/revisions"}],"wp:featuredmedia":[{"embeddable":true,"href":"https:\/\/dailynewshungary.com\/de\/wp-json\/wp\/v2\/media\/762673"}],"wp:attachment":[{"href":"https:\/\/dailynewshungary.com\/de\/wp-json\/wp\/v2\/media?parent=762672"}],"wp:term":[{"taxonomy":"category","embeddable":true,"href":"https:\/\/dailynewshungary.com\/de\/wp-json\/wp\/v2\/categories?post=762672"},{"taxonomy":"post_tag","embeddable":true,"href":"https:\/\/dailynewshungary.com\/de\/wp-json\/wp\/v2\/tags?post=762672"}],"curies":[{"name":"wp","href":"https:\/\/api.w.org\/{rel}","templated":true}]}}