{"id":762739,"date":"2015-12-08T15:08:45","date_gmt":"2015-12-08T14:08:45","guid":{"rendered":"https:\/\/dailynewshungary.com\/de\/ungarn-fuhrt-gesprache-mit-brussel-uber-mehr-als-600-mrd-huf-an-fordermitteln\/"},"modified":"2015-12-08T15:08:45","modified_gmt":"2015-12-08T14:08:45","slug":"ungarn-fuhrt-gesprache-mit-brussel-uber-mehr-als-600-mrd-huf-an-fordermitteln","status":"publish","type":"post","link":"https:\/\/dailynewshungary.com\/de\/ungarn-fuhrt-gesprache-mit-brussel-uber-mehr-als-600-mrd-huf-an-fordermitteln\/","title":{"rendered":"Ungarn f\u00fchrt Gespr\u00e4che mit Br\u00fcssel \u00fcber mehr als 600 Mrd. HUF an F\u00f6rdermitteln"},"content":{"rendered":"<p><strong>Budapest, 8. Dezember (MTI) \u201eUngarn befindet sich noch in Gespr\u00e4chen mit der Europ\u00e4ischen Kommission \u00fcber mehr als 600 Milliarden Forint (1,92 Mrd. EUR) an EU-Mitteln f\u00fcr den Zeitraum 2007-2013, sagte Staatssekret\u00e4r Peter Beno Banai am Dienstag im \u00f6ffentlichen Fernsehen.<\/strong><\/p>\n<p>Am Montag zeigte eine Ver\u00f6ffentlichung des Wirtschaftsministeriums, dass Ungarns Cashflow-basiertes Defizit der \u00f6ffentlichen Finanzen ohne Gemeinder\u00e4te Ende November 970,7 Milliarden Forint oder 108,8 Prozent des Ganzjahresziels erreichte. Das Ministerium stellte fest, dass das Defizit im Basiszeitraum gerade einmal 713,7 Milliarden Forint erreicht hatte, und f\u00fchrte die Differenz auf \u201cunterschiedliche Entwicklungen\u201d im Zusammenhang mit der Finanzierung durch die Europ\u00e4ische Union zur\u00fcck \u201cBis jetzt hat der Haushalt mehr als 500 Milliarden Forint h\u00f6herer Zahlungen \u00fcbertragen, um die Umsetzung inl\u00e4ndischer Entwicklungen sicherzustellen und einen m\u00f6glichen Ressourcenverlust zu vermeiden\u201d, erkl\u00e4rte es.<\/p>\n<p>Ungarns Regierung stellte w\u00e4hrend einer Aussetzung der EU-Finanzierung zwischen April und September Br\u00fcckenfinanzierungen aus dem Haushalt f\u00fcr EU-gef\u00f6rderte Projekte bereit, Br\u00fcssel hatte die F\u00f6rderung wegen Problemen beim Auswahlverfahren f\u00fcr Projekte ausgesetzt.<\/p>\n<p>Banai teilte dem Nachrichtensender M1 am Dienstag mit, dass sich der gr\u00f6\u00dfte Teil der Gespr\u00e4che \u00fcber die Finanzierung bis ins Jahr 2016 hinziehen k\u00f6nnte, aber schlie\u00dflich mit einer Genehmigung f\u00fcr die \u00dcbertragung der Gelder sp\u00e4testens im n\u00e4chsten Jahr enden w\u00fcrde.<\/p>\n<p>Nach den Rechnungslegungsvorschriften der EU k\u00f6nnen die Mittel weiterhin als Einnahmen verbucht werden, auch wenn sie noch nicht eingetroffen sind, sodass sie sich nicht auf das Defizitziel von 2,4 Prozent des BIP f\u00fcr dieses Jahr auswirken werden, f\u00fcgte er hinzu.<\/p>\n","protected":false},"excerpt":{"rendered":"<p>Budapest, 8. Dezember (MTI) \u201eUngarn befindet sich noch in Gespr\u00e4chen mit der Europ\u00e4ischen Kommission \u00fcber mehr als 600 Milliarden Forint (1,92 Mrd. EUR) an EU-Mitteln f\u00fcr den Zeitraum 2007-2013, sagte Staatssekret\u00e4r Peter Beno Banai am Dienstag im \u00f6ffentlichen Fernsehen. Am Montag zeigte eine Ver\u00f6ffentlichung des Wirtschaftsministeriums, dass Ungarns Cashflow-basiertes Defizit der \u00f6ffentlichen Finanzen ohne Gemeinder\u00e4te [&hellip;]<\/p>\n","protected":false},"author":2,"featured_media":762740,"comment_status":"open","ping_status":"open","sticky":false,"template":"","format":"standard","meta":{"_acf_changed":false,"_display_image":"","footnotes":""},"categories":[1281],"tags":[1082,1104],"class_list":["post-762739","post","type-post","status-publish","format-standard","has-post-thumbnail","hentry","category-geschaft","tag-europaische-union","tag-wirtschaft"],"blocksy_meta":[],"acf":[],"author_username":"alk","telegram_post":"","public_post_metadata":{"breaking_news":"","important":"","csempe":"","center_tile":"","disable_thumbnail":"","target_lang":"","_featured_image_style":"","telegram_post":"","_xlat_group_id":""},"public_rank_math_data":{"title":"%title% %sep% %sitename%","description":"","focus_keyword":"","canonical_url":"","robots":"","primary_category":"1281","breadcrumb_title":"","facebook_title":"","facebook_description":"","facebook_image":"","facebook_image_id":"","twitter_title":"","twitter_description":"","twitter_image":"","twitter_image_id":"","twitter_card_type":"","twitter_use_facebook":"","advanced_robots":"","pillar_content":"","seo_score":"","contentai_score":"","rich_snippet":""},"_links":{"self":[{"href":"https:\/\/dailynewshungary.com\/de\/wp-json\/wp\/v2\/posts\/762739","targetHints":{"allow":["GET"]}}],"collection":[{"href":"https:\/\/dailynewshungary.com\/de\/wp-json\/wp\/v2\/posts"}],"about":[{"href":"https:\/\/dailynewshungary.com\/de\/wp-json\/wp\/v2\/types\/post"}],"author":[{"embeddable":true,"href":"https:\/\/dailynewshungary.com\/de\/wp-json\/wp\/v2\/users\/2"}],"replies":[{"embeddable":true,"href":"https:\/\/dailynewshungary.com\/de\/wp-json\/wp\/v2\/comments?post=762739"}],"version-history":[{"count":0,"href":"https:\/\/dailynewshungary.com\/de\/wp-json\/wp\/v2\/posts\/762739\/revisions"}],"wp:featuredmedia":[{"embeddable":true,"href":"https:\/\/dailynewshungary.com\/de\/wp-json\/wp\/v2\/media\/762740"}],"wp:attachment":[{"href":"https:\/\/dailynewshungary.com\/de\/wp-json\/wp\/v2\/media?parent=762739"}],"wp:term":[{"taxonomy":"category","embeddable":true,"href":"https:\/\/dailynewshungary.com\/de\/wp-json\/wp\/v2\/categories?post=762739"},{"taxonomy":"post_tag","embeddable":true,"href":"https:\/\/dailynewshungary.com\/de\/wp-json\/wp\/v2\/tags?post=762739"}],"curies":[{"name":"wp","href":"https:\/\/api.w.org\/{rel}","templated":true}]}}