{"id":762771,"date":"2015-12-07T17:34:09","date_gmt":"2015-12-07T16:34:09","guid":{"rendered":"https:\/\/dailynewshungary.com\/de\/die-zentralbank-beziffert-das-mittelfristige-potenzielle-wachstum-fur-ungarn-auf-25-prozent\/"},"modified":"2015-12-07T17:34:09","modified_gmt":"2015-12-07T16:34:09","slug":"die-zentralbank-beziffert-das-mittelfristige-potenzielle-wachstum-fur-ungarn-auf-25-prozent","status":"publish","type":"post","link":"https:\/\/dailynewshungary.com\/de\/die-zentralbank-beziffert-das-mittelfristige-potenzielle-wachstum-fur-ungarn-auf-25-prozent\/","title":{"rendered":"Die Zentralbank beziffert das mittelfristige potenzielle Wachstum f\u00fcr Ungarn auf 2,5 Prozent"},"content":{"rendered":"<p><strong>Budapest, 7. Dezember (MTI) \u2013 Die ungarische Wirtschaft k\u00f6nnte mittelfristig eine potenzielle Wachstumsrate von 2,5 Prozent aufweisen, sagte Barnabas Virag, Direktor der Ungarischen Nationalbank, am Montag<\/strong>.<\/p>\n<p>Basierend auf dem Wachstumsbericht der Bank h\u00e4tten die politischen Schritte in den vergangenen Jahren die externe Anf\u00e4lligkeit der ungarischen Wirtschaft deutlich verringert, sagte Virag auf einer PressekonferenzEs gab eine Verbesserung bei den quantitativen Aspekten wachstumsbestimmender Faktoren, w\u00e4hrend es in qualitativen Aspekten noch viel Raum f\u00fcr Verbesserungen gibt.<\/p>\n<p>Nach der Wirtschaftskrise wird erwartet, dass sich das globale Wachstum \u00fcber einen l\u00e4ngeren Zeitraum verlangsamt, und unter diesen Umst\u00e4nden wird die Verbesserung der Wettbewerbsf\u00e4higkeit und Produktivit\u00e4t f\u00fcr Ungarn immer wichtiger, sagte die Bank.<\/p>\n<p>Die Nettoexporte waren in der vergangenen Periode eine der wichtigsten Komponenten des ungarischen Wirtschaftswachstums, und da der Welthandel hinter der Dynamik vor der Krise zur\u00fcckbleibt, und dies k\u00f6nnte ein Abw\u00e4rtsrisiko f\u00fcr das inl\u00e4ndische Wachstum bergen, hei\u00dft es in dem BerichtDie Wirtschaftsleistung Ungarns wurde im Allgemeinen von der Exportdynamik \u00fcbertroffen, aber in den letzten Jahren verringerte sich der Unterschied, was internationalen Trends entspricht, f\u00fcgte er hinzu.<\/p>\n<p>Die Zunahme der Wertsch\u00f6pfungsinhalte h\u00e4ngt in erster Linie mit der St\u00e4rkung der lokalen Lieferantenbeziehungen zusammen, und die Konsolidierung der Lieferanten, die sich nach den gro\u00dfen Investitionen im verarbeitenden Gewerbe der letzten Jahre allm\u00e4hlich eingelebt haben, k\u00f6nnte sich positiv auf die ungarische Exportdynamik ausgewirkt haben Die zunehmende Einbindung des inl\u00e4ndischen KMU-Sektors k\u00f6nnte ein bestimmendes Element des Prozesses werden, hei\u00dft es in dem Bericht.<\/p>\n","protected":false},"excerpt":{"rendered":"<p>Budapest, 7. Dezember (MTI) \u2013 Die ungarische Wirtschaft k\u00f6nnte mittelfristig eine potenzielle Wachstumsrate von 2,5 Prozent aufweisen, sagte Barnabas Virag, Direktor der Ungarischen Nationalbank, am Montag. Basierend auf dem Wachstumsbericht der Bank h\u00e4tten die politischen Schritte in den vergangenen Jahren die externe Anf\u00e4lligkeit der ungarischen Wirtschaft deutlich verringert, sagte Virag auf einer PressekonferenzEs gab eine [&hellip;]<\/p>\n","protected":false},"author":2,"featured_media":762772,"comment_status":"open","ping_status":"open","sticky":false,"template":"","format":"standard","meta":{"_acf_changed":false,"_display_image":"","footnotes":""},"categories":[1281],"tags":[1256,1104],"class_list":["post-762771","post","type-post","status-publish","format-standard","has-post-thumbnail","hentry","category-geschaft","tag-nationalbank-von-ungarn","tag-wirtschaft"],"blocksy_meta":[],"acf":[],"author_username":"alk","telegram_post":"","public_post_metadata":{"breaking_news":"","important":"","csempe":"","center_tile":"","disable_thumbnail":"","target_lang":"","_featured_image_style":"","telegram_post":"","_xlat_group_id":""},"public_rank_math_data":{"title":"%title% %sep% %sitename%","description":"","focus_keyword":"","canonical_url":"","robots":"","primary_category":"1281","breadcrumb_title":"","facebook_title":"","facebook_description":"","facebook_image":"","facebook_image_id":"","twitter_title":"","twitter_description":"","twitter_image":"","twitter_image_id":"","twitter_card_type":"","twitter_use_facebook":"","advanced_robots":"","pillar_content":"","seo_score":"","contentai_score":"","rich_snippet":""},"_links":{"self":[{"href":"https:\/\/dailynewshungary.com\/de\/wp-json\/wp\/v2\/posts\/762771","targetHints":{"allow":["GET"]}}],"collection":[{"href":"https:\/\/dailynewshungary.com\/de\/wp-json\/wp\/v2\/posts"}],"about":[{"href":"https:\/\/dailynewshungary.com\/de\/wp-json\/wp\/v2\/types\/post"}],"author":[{"embeddable":true,"href":"https:\/\/dailynewshungary.com\/de\/wp-json\/wp\/v2\/users\/2"}],"replies":[{"embeddable":true,"href":"https:\/\/dailynewshungary.com\/de\/wp-json\/wp\/v2\/comments?post=762771"}],"version-history":[{"count":0,"href":"https:\/\/dailynewshungary.com\/de\/wp-json\/wp\/v2\/posts\/762771\/revisions"}],"wp:featuredmedia":[{"embeddable":true,"href":"https:\/\/dailynewshungary.com\/de\/wp-json\/wp\/v2\/media\/762772"}],"wp:attachment":[{"href":"https:\/\/dailynewshungary.com\/de\/wp-json\/wp\/v2\/media?parent=762771"}],"wp:term":[{"taxonomy":"category","embeddable":true,"href":"https:\/\/dailynewshungary.com\/de\/wp-json\/wp\/v2\/categories?post=762771"},{"taxonomy":"post_tag","embeddable":true,"href":"https:\/\/dailynewshungary.com\/de\/wp-json\/wp\/v2\/tags?post=762771"}],"curies":[{"name":"wp","href":"https:\/\/api.w.org\/{rel}","templated":true}]}}