{"id":762851,"date":"2015-12-04T18:07:37","date_gmt":"2015-12-04T17:07:37","guid":{"rendered":"https:\/\/dailynewshungary.com\/de\/tarlos-budapest-kann-die-verstaatlichung-des-transportunternehmens-bkv-akzeptieren\/"},"modified":"2015-12-04T18:07:37","modified_gmt":"2015-12-04T17:07:37","slug":"tarlos-budapest-kann-die-verstaatlichung-des-transportunternehmens-bkv-akzeptieren","status":"publish","type":"post","link":"https:\/\/dailynewshungary.com\/de\/tarlos-budapest-kann-die-verstaatlichung-des-transportunternehmens-bkv-akzeptieren\/","title":{"rendered":"Tarlos: Budapest kann die Verstaatlichung des Transportunternehmens BKV akzeptieren"},"content":{"rendered":"<p><strong>Budapest, 4. Dezember (MTI) \u2013 Die Stadt Budapest ist bereit, das knapp gewordene Transportunternehmen BKV in den Besitz der Zentralregierung zu \u00fcberf\u00fchren, wird jedoch der Verstaatlichung des Budapester Verkehrszentrums (BKK) nicht beitreten, sagte der B\u00fcrgermeister von Budapest Istvan Tarlos sagte am Freitag.<\/strong><\/p>\n<p>Regierungsamtsleiter Janos Lazar sagte am Donnerstag, wenn sich an der langfristigen Finanzierung der BKV nichts \u00e4ndere, werde er die Bem\u00fchungen des Ministerpr\u00e4sidentenamtes unterst\u00fctzen, \u201czu zeigen, was sie aus demselben Budget machen k\u00f6nnten, das die Stadt f\u00fcr den Betrieb des \u00f6ffentlichen Verkehrswesens hat\u201d.<\/p>\n<p>Tarlos sagte auf einer Pressekonferenz: \u201cDas ist kein rationaler Streit\u201d, er w\u00fcrde \u201cmit Interesse erwarten, ob der Staat tats\u00e4chlich BKV \u00fcbernimmt\u201d.<\/p>\n<p>Laut Lazar habe sich die Regierung bereits 2011 bereit gef\u00fchlt, BKV zu \u00fcbernehmen, sagte Tarlos und f\u00fcgte hinzu, dass diese Politik offenbar nicht in der gesamten Regierung geteilt werde.<\/p>\n<p>Aber wenn die Gemeindeversammlung f\u00fcr die Zustimmung zum Plan stimmt und auch Premierminister und Wirtschaftsminister Lazars \u201cgro\u00dfer Idee\u201d zustimmen, w\u00fcrde Budapest nur sein \u201ceinziges unl\u00f6sbares Problem\u201d loswerden.<\/p>\n<p>Die sozialistische Opposition sagte, die Verstaatlichung der BKV sei eine schlechte Idee. Csaba Horvath, ein Budapester Stadtrat der Partei, sagte, die L\u00f6sung best\u00fcnde darin, dass die Regierung die zus\u00e4tzlichen 40 Milliarden Forint garantiert, die im \u00f6ffentlichen Verkehrshaushalt der Stadt fehlen.<\/p>\n<p><em>Foto: MTI<\/em><\/p>\n","protected":false},"excerpt":{"rendered":"<p>Budapest, 4. Dezember (MTI) \u2013 Die Stadt Budapest ist bereit, das knapp gewordene Transportunternehmen BKV in den Besitz der Zentralregierung zu \u00fcberf\u00fchren, wird jedoch der Verstaatlichung des Budapester Verkehrszentrums (BKK) nicht beitreten, sagte der B\u00fcrgermeister von Budapest Istvan Tarlos sagte am Freitag. Regierungsamtsleiter Janos Lazar sagte am Donnerstag, wenn sich an der langfristigen Finanzierung der [&hellip;]<\/p>\n","protected":false},"author":2,"featured_media":762852,"comment_status":"open","ping_status":"open","sticky":false,"template":"","format":"standard","meta":{"_acf_changed":false,"_display_image":"","footnotes":""},"categories":[1281],"tags":[1297],"class_list":["post-762851","post","type-post","status-publish","format-standard","has-post-thumbnail","hentry","category-geschaft","tag-transport"],"blocksy_meta":[],"acf":[],"author_username":"alk","telegram_post":"","public_post_metadata":{"breaking_news":"","important":"","csempe":"","center_tile":"","disable_thumbnail":"","target_lang":"","_featured_image_style":"","telegram_post":"","_xlat_group_id":""},"public_rank_math_data":{"title":"%title% %sep% %sitename%","description":"","focus_keyword":"","canonical_url":"","robots":"","primary_category":"1281","breadcrumb_title":"","facebook_title":"","facebook_description":"","facebook_image":"","facebook_image_id":"","twitter_title":"","twitter_description":"","twitter_image":"","twitter_image_id":"","twitter_card_type":"","twitter_use_facebook":"","advanced_robots":"","pillar_content":"","seo_score":"","contentai_score":"","rich_snippet":""},"_links":{"self":[{"href":"https:\/\/dailynewshungary.com\/de\/wp-json\/wp\/v2\/posts\/762851","targetHints":{"allow":["GET"]}}],"collection":[{"href":"https:\/\/dailynewshungary.com\/de\/wp-json\/wp\/v2\/posts"}],"about":[{"href":"https:\/\/dailynewshungary.com\/de\/wp-json\/wp\/v2\/types\/post"}],"author":[{"embeddable":true,"href":"https:\/\/dailynewshungary.com\/de\/wp-json\/wp\/v2\/users\/2"}],"replies":[{"embeddable":true,"href":"https:\/\/dailynewshungary.com\/de\/wp-json\/wp\/v2\/comments?post=762851"}],"version-history":[{"count":0,"href":"https:\/\/dailynewshungary.com\/de\/wp-json\/wp\/v2\/posts\/762851\/revisions"}],"wp:featuredmedia":[{"embeddable":true,"href":"https:\/\/dailynewshungary.com\/de\/wp-json\/wp\/v2\/media\/762852"}],"wp:attachment":[{"href":"https:\/\/dailynewshungary.com\/de\/wp-json\/wp\/v2\/media?parent=762851"}],"wp:term":[{"taxonomy":"category","embeddable":true,"href":"https:\/\/dailynewshungary.com\/de\/wp-json\/wp\/v2\/categories?post=762851"},{"taxonomy":"post_tag","embeddable":true,"href":"https:\/\/dailynewshungary.com\/de\/wp-json\/wp\/v2\/tags?post=762851"}],"curies":[{"name":"wp","href":"https:\/\/api.w.org\/{rel}","templated":true}]}}