{"id":762859,"date":"2015-12-04T14:00:37","date_gmt":"2015-12-04T13:00:37","guid":{"rendered":"https:\/\/dailynewshungary.com\/de\/justizminister-ungarn-bringt-grunde-fur-einwande-gegen-obligatorische-quoten-vor\/"},"modified":"2015-12-04T14:00:37","modified_gmt":"2015-12-04T13:00:37","slug":"justizminister-ungarn-bringt-grunde-fur-einwande-gegen-obligatorische-quoten-vor","status":"publish","type":"post","link":"https:\/\/dailynewshungary.com\/de\/justizminister-ungarn-bringt-grunde-fur-einwande-gegen-obligatorische-quoten-vor\/","title":{"rendered":"Justizminister: Ungarn bringt Gr\u00fcnde f\u00fcr Einw\u00e4nde gegen obligatorische Quoten vor"},"content":{"rendered":"<p><strong>Budapest, 4. Dezember (MTI) \u201eUngarn hat zehn Gr\u00fcnde f\u00fcr die Abschaffung der Neuansiedlungsquoten f\u00fcr Migranten vorgebracht, sagte der Justizminister am Freitag auf einer Pressekonferenz.<\/strong><\/p>\n<p>Laszlo Trocsanyi merkte an, Ungarn habe am Donnerstag beim Europ\u00e4ischen Gerichtshof seine Einw\u00e4nde gegen die EU-Quoten eingereichtEr stellte fest, dass das Parlament ein Gesetz gebilligt habe, das Ungarn verpflichtet, gegen das Quotensystem vorzugehen.<\/p>\n<p>In einem 25-seitigen Dokument brachte das Justizministerium zehn inhaltliche und verfahrenstechnische Argumente f\u00fcr die Abschaffung des Quotensystems vor, sagte er. Es wird erwartet, dass der Fall eineinhalb Jahre dauern und einen Pr\u00e4zedenzfall schaffen wird, sagte er und f\u00fcgte hinzu, dass hoffentlich andere EU-L\u00e4nder im Namen Ungarns eingreifen w\u00fcrden.<\/p>\n<p><em>Foto: MTI<\/em><\/p>\n","protected":false},"excerpt":{"rendered":"<p>Budapest, 4. Dezember (MTI) \u201eUngarn hat zehn Gr\u00fcnde f\u00fcr die Abschaffung der Neuansiedlungsquoten f\u00fcr Migranten vorgebracht, sagte der Justizminister am Freitag auf einer Pressekonferenz. Laszlo Trocsanyi merkte an, Ungarn habe am Donnerstag beim Europ\u00e4ischen Gerichtshof seine Einw\u00e4nde gegen die EU-Quoten eingereichtEr stellte fest, dass das Parlament ein Gesetz gebilligt habe, das Ungarn verpflichtet, gegen das [&hellip;]<\/p>\n","protected":false},"author":2,"featured_media":762860,"comment_status":"open","ping_status":"open","sticky":false,"template":"","format":"standard","meta":{"_acf_changed":false,"_display_image":"","footnotes":""},"categories":[1081],"tags":[1082,1326,1445],"class_list":["post-762859","post","type-post","status-publish","format-standard","has-post-thumbnail","hentry","category-politik","tag-europaische-union","tag-gericht","tag-migration"],"blocksy_meta":[],"acf":[],"author_username":"alk","telegram_post":"","public_post_metadata":{"breaking_news":"","important":"","csempe":"","center_tile":"","disable_thumbnail":"","target_lang":"","_featured_image_style":"","telegram_post":"","_xlat_group_id":""},"public_rank_math_data":{"title":"%title% %sep% %sitename%","description":"","focus_keyword":"","canonical_url":"","robots":"","primary_category":"1081","breadcrumb_title":"","facebook_title":"","facebook_description":"","facebook_image":"","facebook_image_id":"","twitter_title":"","twitter_description":"","twitter_image":"","twitter_image_id":"","twitter_card_type":"","twitter_use_facebook":"","advanced_robots":"","pillar_content":"","seo_score":"","contentai_score":"","rich_snippet":""},"_links":{"self":[{"href":"https:\/\/dailynewshungary.com\/de\/wp-json\/wp\/v2\/posts\/762859","targetHints":{"allow":["GET"]}}],"collection":[{"href":"https:\/\/dailynewshungary.com\/de\/wp-json\/wp\/v2\/posts"}],"about":[{"href":"https:\/\/dailynewshungary.com\/de\/wp-json\/wp\/v2\/types\/post"}],"author":[{"embeddable":true,"href":"https:\/\/dailynewshungary.com\/de\/wp-json\/wp\/v2\/users\/2"}],"replies":[{"embeddable":true,"href":"https:\/\/dailynewshungary.com\/de\/wp-json\/wp\/v2\/comments?post=762859"}],"version-history":[{"count":0,"href":"https:\/\/dailynewshungary.com\/de\/wp-json\/wp\/v2\/posts\/762859\/revisions"}],"wp:featuredmedia":[{"embeddable":true,"href":"https:\/\/dailynewshungary.com\/de\/wp-json\/wp\/v2\/media\/762860"}],"wp:attachment":[{"href":"https:\/\/dailynewshungary.com\/de\/wp-json\/wp\/v2\/media?parent=762859"}],"wp:term":[{"taxonomy":"category","embeddable":true,"href":"https:\/\/dailynewshungary.com\/de\/wp-json\/wp\/v2\/categories?post=762859"},{"taxonomy":"post_tag","embeddable":true,"href":"https:\/\/dailynewshungary.com\/de\/wp-json\/wp\/v2\/tags?post=762859"}],"curies":[{"name":"wp","href":"https:\/\/api.w.org\/{rel}","templated":true}]}}