{"id":762887,"date":"2015-12-03T21:56:39","date_gmt":"2015-12-03T20:56:39","guid":{"rendered":"https:\/\/dailynewshungary.com\/de\/waffenverkaufe-der-ungarischen-streitkrafte-sollen-an-das-parlament-die-nationale-sicherheit-und-die-verteidigungsausschusse-erfolgen\/"},"modified":"2015-12-03T21:56:39","modified_gmt":"2015-12-03T20:56:39","slug":"waffenverkaufe-der-ungarischen-streitkrafte-sollen-an-das-parlament-die-nationale-sicherheit-und-die-verteidigungsausschusse-erfolgen","status":"publish","type":"post","link":"https:\/\/dailynewshungary.com\/de\/waffenverkaufe-der-ungarischen-streitkrafte-sollen-an-das-parlament-die-nationale-sicherheit-und-die-verteidigungsausschusse-erfolgen\/","title":{"rendered":"Waffenverk\u00e4ufe der ungarischen Streitkr\u00e4fte sollen an das Parlament, die nationale Sicherheit und die Verteidigungsaussch\u00fcsse erfolgen"},"content":{"rendered":"<p><strong>Budapest, 3. Dezember (MTI) \u2013 Die nationalen Sicherheits- und Verteidigungsaussch\u00fcsse des Parlaments werden das Thema der Waffenverk\u00e4ufe der ungarischen Streitkr\u00e4fte n\u00e4chste Woche auf die Tagesordnung ihrer Sitzungen setzen und eine Erkl\u00e4rung fordern, sagte Zsolt Molnar, der Leiter des nationalen Sicherheitsausschusses Donnerstag.<\/strong><\/p>\n<p>Ein Sprecher der Oppositionspartei Dialog f\u00fcr Ungarn (PM) sagte Anfang dieser Woche, dass ein Jagdgesch\u00e4ft in Ungarn Tausende von Raketenwaffen von den ungarischen Streitkr\u00e4ften gekauft habe.<\/p>\n<p>Bence Tordai zitierte Vertr\u00e4ge des Verteidigungsministeriums, aus denen hervorgeht, dass das Unternehmen in den Jahren 2013 und 2014 1.357 luftgest\u00fctzte Raketen, 83 Buggesch\u00fctze und 52 Luftraketen von der ungarischen Armee f\u00fcr 7,5 Millionen Forint (24.000 EUR) gekauft hatte.<\/p>\n<p>Im Rahmen eines anderen Vertrags kaufte das Unternehmen 501 panzerbrechende Raketen, 57 Flugraketen, 214 Luft-Luft-Raketen und 1.203 weitere Raketen sowie f\u00fcnf Ortungsger\u00e4te f\u00fcr bewegliche Ziele, f\u00fcgte er hinzu, ohne den Vertragspreis anzugeben.<\/p>\n<p>Das Unternehmen habe wahrscheinlich Hunderte Millionen Forint an Einnahmen aus diesen Transaktionen generiert, sagte Tordai und f\u00fcgte hinzu, dass die noch nutzbaren Raketen wahrscheinlich \u201e\u00fcber ein No-Name-Jagdgesch\u00e4ft an einen unbekannten K\u00e4ufer aus dem Land geflossen\u201csind\u201d.<\/p>\n<p>Diese Waffen h\u00e4tten ihren Lebenszyklus \u00fcberschritten, k\u00f6nnten aber \u201ef\u00fcr Diktatoren in Zentralafrika oder eine Terrororganisation im Nahen Osten\u201cperfekt nutzbar gemacht werden\u201d, sagte er \u201eVielleicht nutzen sie sie, um NATO-Einheiten in Syrien anzugreifen\u201d, f\u00fcgte Tordai hinzu.<\/p>\n<p>Da es sich um \u201egef\u00e4hrliche Waffen\u201cumginge, werde das nationale Sicherheitskomitee damit rechnen, am Mittwoch bei einer Sitzung unter Ausschluss der \u00d6ffentlichkeit Einzelheiten \u00fcber die Auswirkungen der Verk\u00e4ufe auf die nationale Sicherheit zu erfahren, einschlie\u00dflich Informationen \u00fcber den endg\u00fcltigen Bestimmungsort der Aktien und m\u00f6gliche Endnutzer, sagte Molnar gegen\u00fcber MTI.<\/p>\n<p>Es sei wichtig zu wissen, ob die Waffen m\u00f6glicherweise ins Ausland h\u00e4tten verkauft und in die H\u00e4nde eines organisierten Verbrecherrings oder einer Terrororganisation gelangen k\u00f6nnen, sagte Molnar.<\/p>\n<p>Er sagte, der Verteidigungsausschuss werde mit Einzelheiten aus dem Verteidigungsministerium rechnen.<\/p>\n<p>Regierungsamtsleiter Janos Lazar sagte, die Waffenverk\u00e4ufe entspr\u00e4chen den Gesetzen und Vorschriften, er sagte auf einer regelm\u00e4\u00dfigen Regierungs-Pressekonferenz, dass der Weg der Verk\u00e4ufe leicht nachvollzogen werden k\u00f6nne und sowohl die Verk\u00e4ufer als auch die K\u00e4ufer die notwendigen Genehmigungen h\u00e4tten, er sagte, dass ausgemusterte Waffen \u201csehr strengen Vorschriften\u201d unterliegen.<\/p>\n","protected":false},"excerpt":{"rendered":"<p>Budapest, 3. Dezember (MTI) \u2013 Die nationalen Sicherheits- und Verteidigungsaussch\u00fcsse des Parlaments werden das Thema der Waffenverk\u00e4ufe der ungarischen Streitkr\u00e4fte n\u00e4chste Woche auf die Tagesordnung ihrer Sitzungen setzen und eine Erkl\u00e4rung fordern, sagte Zsolt Molnar, der Leiter des nationalen Sicherheitsausschusses Donnerstag. Ein Sprecher der Oppositionspartei Dialog f\u00fcr Ungarn (PM) sagte Anfang dieser Woche, dass ein [&hellip;]<\/p>\n","protected":false},"author":2,"featured_media":762888,"comment_status":"open","ping_status":"open","sticky":false,"template":"","format":"standard","meta":{"_acf_changed":false,"_display_image":"","footnotes":""},"categories":[1281],"tags":[1066],"class_list":["post-762887","post","type-post","status-publish","format-standard","has-post-thumbnail","hentry","category-geschaft","tag-hungary"],"blocksy_meta":[],"acf":[],"author_username":"alk","telegram_post":"","public_post_metadata":{"breaking_news":"","important":"","csempe":"","center_tile":"","disable_thumbnail":"","target_lang":"","_featured_image_style":"","telegram_post":"","_xlat_group_id":""},"public_rank_math_data":{"title":"%title% %sep% %sitename%","description":"","focus_keyword":"","canonical_url":"","robots":"","primary_category":"1281","breadcrumb_title":"","facebook_title":"","facebook_description":"","facebook_image":"","facebook_image_id":"","twitter_title":"","twitter_description":"","twitter_image":"","twitter_image_id":"","twitter_card_type":"","twitter_use_facebook":"","advanced_robots":"","pillar_content":"","seo_score":"","contentai_score":"","rich_snippet":""},"_links":{"self":[{"href":"https:\/\/dailynewshungary.com\/de\/wp-json\/wp\/v2\/posts\/762887","targetHints":{"allow":["GET"]}}],"collection":[{"href":"https:\/\/dailynewshungary.com\/de\/wp-json\/wp\/v2\/posts"}],"about":[{"href":"https:\/\/dailynewshungary.com\/de\/wp-json\/wp\/v2\/types\/post"}],"author":[{"embeddable":true,"href":"https:\/\/dailynewshungary.com\/de\/wp-json\/wp\/v2\/users\/2"}],"replies":[{"embeddable":true,"href":"https:\/\/dailynewshungary.com\/de\/wp-json\/wp\/v2\/comments?post=762887"}],"version-history":[{"count":0,"href":"https:\/\/dailynewshungary.com\/de\/wp-json\/wp\/v2\/posts\/762887\/revisions"}],"wp:featuredmedia":[{"embeddable":true,"href":"https:\/\/dailynewshungary.com\/de\/wp-json\/wp\/v2\/media\/762888"}],"wp:attachment":[{"href":"https:\/\/dailynewshungary.com\/de\/wp-json\/wp\/v2\/media?parent=762887"}],"wp:term":[{"taxonomy":"category","embeddable":true,"href":"https:\/\/dailynewshungary.com\/de\/wp-json\/wp\/v2\/categories?post=762887"},{"taxonomy":"post_tag","embeddable":true,"href":"https:\/\/dailynewshungary.com\/de\/wp-json\/wp\/v2\/tags?post=762887"}],"curies":[{"name":"wp","href":"https:\/\/api.w.org\/{rel}","templated":true}]}}