{"id":762891,"date":"2015-12-03T20:47:14","date_gmt":"2015-12-03T19:47:14","guid":{"rendered":"https:\/\/dailynewshungary.com\/de\/ungarischer-pavillon-der-milan-expo-soll-nach-karcag-verlegt-werden\/"},"modified":"2015-12-03T20:47:14","modified_gmt":"2015-12-03T19:47:14","slug":"ungarischer-pavillon-der-milan-expo-soll-nach-karcag-verlegt-werden","status":"publish","type":"post","link":"https:\/\/dailynewshungary.com\/de\/ungarischer-pavillon-der-milan-expo-soll-nach-karcag-verlegt-werden\/","title":{"rendered":"Ungarischer Pavillon der Milan Expo soll nach Karcag verlegt werden"},"content":{"rendered":"<p><strong>Budapest, 3. Dezember (MTI) \u2013 Die Regierung plant, den ungarischen Pavillon von der Mail\u00e4nder Expo nach Karcag in Ostungarn verlegen zu lassen, sagte Janos Lazar, Leiter des Regierungsb\u00fcros, am Donnerstag auf einer regul\u00e4ren Regierungspressekonferenz.<\/strong><\/p>\n<p>Die Regierung habe Karcag aus f\u00fcnf Bewerberst\u00e4dten als Gastgeber f\u00fcr den Pavillon ausgew\u00e4hlt, sagte Lazar. Er f\u00fcgte hinzu, dass \u201eItalien den Pavillon als Geisel genommen hat\u201caber die Regierung werde Anstrengungen unternehmen, ihn zur\u00fcckzugewinnen.<\/p>\n<p>Zu einem anderen Thema sagte Lazar, dass die Regierung Pl\u00e4ne f\u00fcr den Bau eines neuen Fu\u00dfballstadions in der Stadt Szeged in S\u00fcdungarn genehmigt habe.<\/p>\n<p>Bei einer Sitzung am Mittwoch stimmte die Regierung au\u00dferdem zu, eine Finanzierung f\u00fcr das Demokratiezentrum am Tom-Lantos-Institut bereitzustellen, sagte Lazar.<\/p>\n<p>Auf Fragen zu Pl\u00e4nen, den Regierungssitz in den Burgbezirk zu verlegen, antwortete Lazar, dass es sich um einen langfristigen Plan f\u00fcr die n\u00e4chsten 20 Jahre handele. Die Pl\u00e4ne konzentrieren sich darauf, das B\u00fcro des Premierministers in den Sandor-Palast des Pr\u00e4sidenten zu verlegen, w\u00e4hrend die Kanzlei das ehemalige Karmeliterkloster daneben besetzen w\u00fcrde und die B\u00fcros des Pr\u00e4sidenten in den K\u00f6nigspalast verlegt w\u00fcrden.<\/p>\n<p>Lazar gab au\u00dferdem bekannt, dass bis Ende des Jahres rund 200 Milliarden Forint (639 Mio. EUR) an direkten EU-Subventionen an ungarische Landwirte ausgezahlt werden.<\/p>\n<p>Bez\u00fcglich der Verk\u00e4ufe staatlicher Ackerlandparzellen, die derzeit im Gange sind, sagte Lazar, dass potenzielle K\u00e4ufer insgesamt 193 Milliarden Forint (617 Mio. EUR) an Krediten beantragt h\u00e4tten, um sie bei den K\u00e4ufen zu unterst\u00fctzen, und f\u00fcgte hinzu, dass die Ungarische Entwicklungsbank, die die Kredite bereitstellt, eine zus\u00e4tzliche Deckung durch die Zentralbank ben\u00f6tigen werde Bisher wurden rund 50.000 Hektar zu einem Gesamtpreis von 70 Milliarden Forint (224 Mio. EUR) versteigert. Er f\u00fcgte hinzu, dass die Auktionen voraussichtlich im Januar fortgesetzt w\u00fcrden.<\/p>\n<p>Die Regierung werde neue Verhandlungen mit der Europ\u00e4ischen Kommission \u00fcber das ungarische Programm zur K\u00fcrzung der Versorgungsleistungen aufnehmen, um das System zu sch\u00fctzen, sagte Lazar. Er wies darauf hin, dass die Kommission Vertragsverletzungsverfahren gegen zehn Mitgliedstaaten wegen \u00e4hnlicher Programme eingeleitet habe, und sagte, dass Ungarn Verb\u00fcndete unter diesen L\u00e4ndern suchen werde.<\/p>\n<p>Bez\u00fcglich einer k\u00fcrzlich erfolgten \u00c4nderung des ungarischen Gesetzes \u00fcber das \u00f6ffentliche Beschaffungswesen bestand Lazar darauf, dass die \u00c4nderungen dazu f\u00fchren, dass die Gesetzgebung nun \u201cdie strengste Europas\u201d sei, weil sie vorsehe, dass Familienangeh\u00f6rige hochrangiger Staatsbeamter, die im selben Haushalt leben, von der Ausschreibung \u00f6ffentlicher Projekte ausgeschlossen seien Lazar wies Vorw\u00fcrfe zur\u00fcck, dass die \u00c4nderungen auf bestimmte Personen h\u00e4tten zugeschnitten sein sollen \u201cDie Regierung hat den Grundsatz \u00fcbernommen, dass entfernte Verwandte nicht von \u00f6ffentlichen Eink\u00e4ufen ausgeschlossen werden sollten\u201d, sagte er.<\/p>\n<p>Auf eine Frage antwortete Lazar, dass er die Geh\u00e4lter staatlicher Unternehmen in seinem Zust\u00e4ndigkeitsbereich angehoben habe Er argumentierte, dass \u201cgute Experten schwer zu engagieren sind, wenn keine wettbewerbsf\u00e4higen Geh\u00e4lter angeboten werden\u201d Er stellte fest, dass hochrangige Beamte im Bankensektor monatlich 5 Millionen Forint (EUR 16.000) machten, w\u00e4hrend Leiter kleinerer Unternehmen 2-3 Millionen Forint verdienten.<\/p>\n","protected":false},"excerpt":{"rendered":"<p>Budapest, 3. Dezember (MTI) \u2013 Die Regierung plant, den ungarischen Pavillon von der Mail\u00e4nder Expo nach Karcag in Ostungarn verlegen zu lassen, sagte Janos Lazar, Leiter des Regierungsb\u00fcros, am Donnerstag auf einer regul\u00e4ren Regierungspressekonferenz. Die Regierung habe Karcag aus f\u00fcnf Bewerberst\u00e4dten als Gastgeber f\u00fcr den Pavillon ausgew\u00e4hlt, sagte Lazar. Er f\u00fcgte hinzu, dass \u201eItalien den [&hellip;]<\/p>\n","protected":false},"author":2,"featured_media":762892,"comment_status":"open","ping_status":"open","sticky":false,"template":"","format":"standard","meta":{"_acf_changed":false,"_display_image":"","footnotes":""},"categories":[1151],"tags":[1232,2256],"class_list":["post-762891","post","type-post","status-publish","format-standard","has-post-thumbnail","hentry","category-kulturen","tag-ausstellung","tag-expo"],"blocksy_meta":[],"acf":[],"author_username":"alk","telegram_post":"","public_post_metadata":{"breaking_news":"","important":"","csempe":"","center_tile":"","disable_thumbnail":"","target_lang":"","_featured_image_style":"","telegram_post":"","_xlat_group_id":""},"public_rank_math_data":{"title":"%title% %sep% %sitename%","description":"","focus_keyword":"","canonical_url":"","robots":"","primary_category":"1151","breadcrumb_title":"","facebook_title":"","facebook_description":"","facebook_image":"","facebook_image_id":"","twitter_title":"","twitter_description":"","twitter_image":"","twitter_image_id":"","twitter_card_type":"","twitter_use_facebook":"","advanced_robots":"","pillar_content":"","seo_score":"","contentai_score":"","rich_snippet":""},"_links":{"self":[{"href":"https:\/\/dailynewshungary.com\/de\/wp-json\/wp\/v2\/posts\/762891","targetHints":{"allow":["GET"]}}],"collection":[{"href":"https:\/\/dailynewshungary.com\/de\/wp-json\/wp\/v2\/posts"}],"about":[{"href":"https:\/\/dailynewshungary.com\/de\/wp-json\/wp\/v2\/types\/post"}],"author":[{"embeddable":true,"href":"https:\/\/dailynewshungary.com\/de\/wp-json\/wp\/v2\/users\/2"}],"replies":[{"embeddable":true,"href":"https:\/\/dailynewshungary.com\/de\/wp-json\/wp\/v2\/comments?post=762891"}],"version-history":[{"count":0,"href":"https:\/\/dailynewshungary.com\/de\/wp-json\/wp\/v2\/posts\/762891\/revisions"}],"wp:featuredmedia":[{"embeddable":true,"href":"https:\/\/dailynewshungary.com\/de\/wp-json\/wp\/v2\/media\/762892"}],"wp:attachment":[{"href":"https:\/\/dailynewshungary.com\/de\/wp-json\/wp\/v2\/media?parent=762891"}],"wp:term":[{"taxonomy":"category","embeddable":true,"href":"https:\/\/dailynewshungary.com\/de\/wp-json\/wp\/v2\/categories?post=762891"},{"taxonomy":"post_tag","embeddable":true,"href":"https:\/\/dailynewshungary.com\/de\/wp-json\/wp\/v2\/tags?post=762891"}],"curies":[{"name":"wp","href":"https:\/\/api.w.org\/{rel}","templated":true}]}}