{"id":762979,"date":"2015-12-01T09:54:26","date_gmt":"2015-12-01T08:54:26","guid":{"rendered":"https:\/\/dailynewshungary.com\/de\/orban-nimmt-an-der-semmelweis-gedenkkonferenz-in-teheran-teil\/"},"modified":"2015-12-01T09:54:26","modified_gmt":"2015-12-01T08:54:26","slug":"orban-nimmt-an-der-semmelweis-gedenkkonferenz-in-teheran-teil","status":"publish","type":"post","link":"https:\/\/dailynewshungary.com\/de\/orban-nimmt-an-der-semmelweis-gedenkkonferenz-in-teheran-teil\/","title":{"rendered":"Orban nimmt an der Semmelweis-Gedenkkonferenz in Teheran teil"},"content":{"rendered":"<p><strong>Teheran, 1. Dezember (MTI) \u2013 Premierminister Viktor Orban nahm am Dienstag an einer Ignac Semmelweis-Gedenkkonferenz an der Universit\u00e4t f\u00fcr Medizinische Wissenschaften Teheran teil, bei der Statuen von Semmelweis und dem persischen Universalgelehrten Avicenna enth\u00fcllt wurden.<\/strong><\/p>\n<p>Orban, der sich auf einem zweit\u00e4gigen offiziellen Besuch im Iran befindet, sagte, Ungarn betrachte es als Ehre, dass im Park der Universit\u00e4t eine Semmelweis-Satue errichtet wurde.<\/p>\n<p>Er merkte an, dass sich Semmelweis, der als \u201cRetter der M\u00fctter\u201d beschrieben wird, mit seinen Entdeckungen und vorgeschlagenen hygienischen Praktiken viele Feinde gemacht habe \u201cDas ist ein vertrautes Gef\u00fchl f\u00fcr Ungarn\u201d, sagte Orban \u201cMan will der Welt etwas Gutes tun und wird sofort mit Feinden belohnt\u201d<\/p>\n<p>In Bezug auf Avicenna sagte Orban, europ\u00e4ische Medizinstudenten h\u00e4tten jahrhundertelang Medizin im Kanon der Medizin des Universalgelehrten studiert.<\/p>\n<p>Der Premierminister sagte, dass in der Europ\u00e4ischen Union die Ungarn als \u201centweder das \u00f6stlichste westliche Volk oder das westlichste \u00f6stliche Volk\u201d angesehen werden. Er sagte, diese Bezeichnungen sollen darauf hinweisen, dass die Ungarn nicht aus Europa stammen, was Orban f\u00fcr wahr hieltDer Premierminister sagte, seit ihrer Ankunft in Europa versuchten die Ungarn, \u201c\u00f6stliche Weisheit\u201d und \u201cwestliche Rationalit\u00e4t\u201d zu verbinden, was seiner Meinung nach zu einer einzigartigen ungarischen Denkweise gef\u00fchrt habe.<\/p>\n<p>Der Premierminister stellte fest, dass derzeit 1.116 iranische Studenten an ungarischen Universit\u00e4ten studieren, die meisten davon an der Budapester Semmelweis-Universit\u00e4t.<\/p>\n<p>Sp\u00e4ter soll Orban Gespr\u00e4che mit Pr\u00e4sident Hassan Rouhani, dem Obersten F\u00fchrer Ali Khamenei und Akbar Hashemi Rafsanjani, dem Vorsitzenden des Schlichtungsausschusses des Iran, f\u00fchren.<\/p>\n","protected":false},"excerpt":{"rendered":"<p>Teheran, 1. Dezember (MTI) \u2013 Premierminister Viktor Orban nahm am Dienstag an einer Ignac Semmelweis-Gedenkkonferenz an der Universit\u00e4t f\u00fcr Medizinische Wissenschaften Teheran teil, bei der Statuen von Semmelweis und dem persischen Universalgelehrten Avicenna enth\u00fcllt wurden. Orban, der sich auf einem zweit\u00e4gigen offiziellen Besuch im Iran befindet, sagte, Ungarn betrachte es als Ehre, dass im Park [&hellip;]<\/p>\n","protected":false},"author":2,"featured_media":762980,"comment_status":"open","ping_status":"open","sticky":false,"template":"","format":"standard","meta":{"_acf_changed":false,"_display_image":"","footnotes":""},"categories":[1151],"tags":[1094,1144,1580,1128],"class_list":["post-762979","post","type-post","status-publish","format-standard","has-post-thumbnail","hentry","category-kulturen","tag-asien","tag-gedenken","tag-naher-osten","tag-viktor-orban"],"blocksy_meta":[],"acf":[],"author_username":"alk","telegram_post":"","public_post_metadata":{"breaking_news":"","important":"","csempe":"","center_tile":"","disable_thumbnail":"","target_lang":"","_featured_image_style":"","telegram_post":"","_xlat_group_id":""},"public_rank_math_data":{"title":"%title% %sep% %sitename%","description":"","focus_keyword":"","canonical_url":"","robots":"","primary_category":"1151","breadcrumb_title":"","facebook_title":"","facebook_description":"","facebook_image":"","facebook_image_id":"","twitter_title":"","twitter_description":"","twitter_image":"","twitter_image_id":"","twitter_card_type":"","twitter_use_facebook":"","advanced_robots":"","pillar_content":"","seo_score":"","contentai_score":"","rich_snippet":""},"_links":{"self":[{"href":"https:\/\/dailynewshungary.com\/de\/wp-json\/wp\/v2\/posts\/762979","targetHints":{"allow":["GET"]}}],"collection":[{"href":"https:\/\/dailynewshungary.com\/de\/wp-json\/wp\/v2\/posts"}],"about":[{"href":"https:\/\/dailynewshungary.com\/de\/wp-json\/wp\/v2\/types\/post"}],"author":[{"embeddable":true,"href":"https:\/\/dailynewshungary.com\/de\/wp-json\/wp\/v2\/users\/2"}],"replies":[{"embeddable":true,"href":"https:\/\/dailynewshungary.com\/de\/wp-json\/wp\/v2\/comments?post=762979"}],"version-history":[{"count":0,"href":"https:\/\/dailynewshungary.com\/de\/wp-json\/wp\/v2\/posts\/762979\/revisions"}],"wp:featuredmedia":[{"embeddable":true,"href":"https:\/\/dailynewshungary.com\/de\/wp-json\/wp\/v2\/media\/762980"}],"wp:attachment":[{"href":"https:\/\/dailynewshungary.com\/de\/wp-json\/wp\/v2\/media?parent=762979"}],"wp:term":[{"taxonomy":"category","embeddable":true,"href":"https:\/\/dailynewshungary.com\/de\/wp-json\/wp\/v2\/categories?post=762979"},{"taxonomy":"post_tag","embeddable":true,"href":"https:\/\/dailynewshungary.com\/de\/wp-json\/wp\/v2\/tags?post=762979"}],"curies":[{"name":"wp","href":"https:\/\/api.w.org\/{rel}","templated":true}]}}