{"id":763014,"date":"2015-11-29T17:32:26","date_gmt":"2015-11-29T16:32:26","guid":{"rendered":"https:\/\/dailynewshungary.com\/de\/orban-zum-eu-gipfel-ungarn-will-keine-obligatorischen-auswanderer\/"},"modified":"2015-11-29T17:32:26","modified_gmt":"2015-11-29T16:32:26","slug":"orban-zum-eu-gipfel-ungarn-will-keine-obligatorischen-auswanderer","status":"publish","type":"post","link":"https:\/\/dailynewshungary.com\/de\/orban-zum-eu-gipfel-ungarn-will-keine-obligatorischen-auswanderer\/","title":{"rendered":"Orban zum EU-Gipfel: Ungarn will keine obligatorischen Auswanderer"},"content":{"rendered":"<p><strong>Budapest, 29. November (MTI) \u201eAmbiente\u201cUngarn ist \u201ezahlungsbereit\u201d, wird aber keine Zwangsunterbringung von Migranten auf seinem Territorium akzeptieren, sagte Premierminister Viktor Orban im Vorfeld eines Gipfeltreffens zwischen der Europ\u00e4ischen Union und der T\u00fcrkei am Sonntag.<\/strong><\/p>\n<p>Ungarn wolle Garantien, dass der auf dem Gipfel zu verabschiedende Aktionsplan aus ungarischer Sicht nicht nachteilig sei, sagte OrbanDer auf dem letzten Gipfel verabschiedete Plan h\u00e4tte \u201caus der Sache gehen\u201d k\u00f6nnen, in diesem Fall h\u00e4tte Ungarn unfreiwillig Migranten aufnehmen m\u00fcssen, sagte er und f\u00fcgte hinzu, er hoffe, dass die aktuellen Pl\u00e4ne mit der T\u00fcrkei eine solche Situation nicht herbeif\u00fchren w\u00fcrden.<\/p>\n<p>Orban sagte, Ungarn werde den Aktionsplan unterst\u00fctzen, der hoffentlich den Migrationsdruck auf die EU und Ungarn verringern werde.<\/p>\n<p>Die F\u00fchrer der Visegrad-Vier-Gruppierung werden vor dem Gipfel getrennt Gespr\u00e4che f\u00fchren.<\/p>\n<p><em>Foto: MTI<\/em><\/p>\n","protected":false},"excerpt":{"rendered":"<p>Budapest, 29. November (MTI) \u201eAmbiente\u201cUngarn ist \u201ezahlungsbereit\u201d, wird aber keine Zwangsunterbringung von Migranten auf seinem Territorium akzeptieren, sagte Premierminister Viktor Orban im Vorfeld eines Gipfeltreffens zwischen der Europ\u00e4ischen Union und der T\u00fcrkei am Sonntag. Ungarn wolle Garantien, dass der auf dem Gipfel zu verabschiedende Aktionsplan aus ungarischer Sicht nicht nachteilig sei, sagte OrbanDer auf dem [&hellip;]<\/p>\n","protected":false},"author":2,"featured_media":763015,"comment_status":"open","ping_status":"open","sticky":false,"template":"","format":"standard","meta":{"_acf_changed":false,"_display_image":"","footnotes":""},"categories":[1081],"tags":[1082,1200,1333],"class_list":["post-763014","post","type-post","status-publish","format-standard","has-post-thumbnail","hentry","category-politik","tag-europaische-union","tag-turkei","tag-viktor-oder-ban"],"blocksy_meta":[],"acf":[],"author_username":"alk","telegram_post":"","public_post_metadata":{"breaking_news":"","important":"","csempe":"","center_tile":"","disable_thumbnail":"","target_lang":"","_featured_image_style":"","telegram_post":"","_xlat_group_id":""},"public_rank_math_data":{"title":"%title% %sep% %sitename%","description":"","focus_keyword":"","canonical_url":"","robots":"","primary_category":"1081","breadcrumb_title":"","facebook_title":"","facebook_description":"","facebook_image":"","facebook_image_id":"","twitter_title":"","twitter_description":"","twitter_image":"","twitter_image_id":"","twitter_card_type":"","twitter_use_facebook":"","advanced_robots":"","pillar_content":"","seo_score":"","contentai_score":"","rich_snippet":""},"_links":{"self":[{"href":"https:\/\/dailynewshungary.com\/de\/wp-json\/wp\/v2\/posts\/763014","targetHints":{"allow":["GET"]}}],"collection":[{"href":"https:\/\/dailynewshungary.com\/de\/wp-json\/wp\/v2\/posts"}],"about":[{"href":"https:\/\/dailynewshungary.com\/de\/wp-json\/wp\/v2\/types\/post"}],"author":[{"embeddable":true,"href":"https:\/\/dailynewshungary.com\/de\/wp-json\/wp\/v2\/users\/2"}],"replies":[{"embeddable":true,"href":"https:\/\/dailynewshungary.com\/de\/wp-json\/wp\/v2\/comments?post=763014"}],"version-history":[{"count":0,"href":"https:\/\/dailynewshungary.com\/de\/wp-json\/wp\/v2\/posts\/763014\/revisions"}],"wp:featuredmedia":[{"embeddable":true,"href":"https:\/\/dailynewshungary.com\/de\/wp-json\/wp\/v2\/media\/763015"}],"wp:attachment":[{"href":"https:\/\/dailynewshungary.com\/de\/wp-json\/wp\/v2\/media?parent=763014"}],"wp:term":[{"taxonomy":"category","embeddable":true,"href":"https:\/\/dailynewshungary.com\/de\/wp-json\/wp\/v2\/categories?post=763014"},{"taxonomy":"post_tag","embeddable":true,"href":"https:\/\/dailynewshungary.com\/de\/wp-json\/wp\/v2\/tags?post=763014"}],"curies":[{"name":"wp","href":"https:\/\/api.w.org\/{rel}","templated":true}]}}