{"id":763024,"date":"2015-11-29T08:16:54","date_gmt":"2015-11-29T07:16:54","guid":{"rendered":"https:\/\/dailynewshungary.com\/de\/ungarn-regiere-im-einklang-mit-dem-eu-recht-sagt-szijjarto-gegenuber-muiznieks\/"},"modified":"2015-11-29T08:16:54","modified_gmt":"2015-11-29T07:16:54","slug":"ungarn-regiere-im-einklang-mit-dem-eu-recht-sagt-szijjarto-gegenuber-muiznieks","status":"publish","type":"post","link":"https:\/\/dailynewshungary.com\/de\/ungarn-regiere-im-einklang-mit-dem-eu-recht-sagt-szijjarto-gegenuber-muiznieks\/","title":{"rendered":"Ungarn regiere im Einklang mit dem EU-Recht, sagt Szijjarto gegen\u00fcber Muiznieks"},"content":{"rendered":"<p><strong>Budapest (MTI) \u201eDie ungarischen Vorschriften stehen voll und ganz im Einklang mit den Gesetzen der Europ\u00e4ischen Union, sagte Au\u00dfenminister Peter Szijjarto am Samstag als Antwort auf kritische Bemerkungen von Nils Muiznieks, Menschenrechtskommissar des Europarats.<\/strong><\/p>\n<p>In einer Erkl\u00e4rung zitierte das Au\u00dfenministerium Szijjarto mit den Worten, dass \u201eeinige, darunter auch der Kommissar, es begr\u00fc\u00dfen w\u00fcrden, wenn sich in Ungarn eine chaotische Situation abzeichnet, diesen Wunsch werden wir jedoch nie erf\u00fcllen.\u201c.<\/p>\n<p>Am Freitag sagte Muiznieks in einer Erkl\u00e4rung, dass Ungarn in Bezug auf die Fl\u00fcchtlingskrise hinter den Menschenrechtsstandards zur\u00fcckgeblieben sei.<\/p>\n<p>Nach Abschluss eines Besuchs in Ungarn sagten Muiznieks, dass die Ma\u00dfnahmen des Landes \u201eden Zugang zu internationalem Schutz \u00e4u\u00dferst erschwert und Einwanderer und Asylsuchende ungerechtfertigt kriminalisiert haben\u201c\u201d<\/p>\n<p>Der Kommissar \u00e4u\u00dferte sich besorgt \u00fcber das Fehlen wesentlicher Schutzma\u00dfnahmen in den vom Parlament im Juli 2015 verabschiedeten Gesetzen zu beschleunigten Asylverfahren. Er kritisierte Ungarn auch wegen der Kriminalisierung von Menschen, die seine Grenzen illegal \u00fcberschritten, und der damit verbundenen beschleunigten Strafverfahren, die seiner Meinung nach nicht den Standards eines fairen Verfahrens entsprachen.<\/p>\n","protected":false},"excerpt":{"rendered":"<p>Budapest (MTI) \u201eDie ungarischen Vorschriften stehen voll und ganz im Einklang mit den Gesetzen der Europ\u00e4ischen Union, sagte Au\u00dfenminister Peter Szijjarto am Samstag als Antwort auf kritische Bemerkungen von Nils Muiznieks, Menschenrechtskommissar des Europarats. In einer Erkl\u00e4rung zitierte das Au\u00dfenministerium Szijjarto mit den Worten, dass \u201eeinige, darunter auch der Kommissar, es begr\u00fc\u00dfen w\u00fcrden, wenn sich [&hellip;]<\/p>\n","protected":false},"author":2,"featured_media":763025,"comment_status":"open","ping_status":"open","sticky":false,"template":"","format":"standard","meta":{"_acf_changed":false,"_display_image":"","footnotes":""},"categories":[1081],"tags":[1169,1082],"class_list":["post-763024","post","type-post","status-publish","format-standard","has-post-thumbnail","hentry","category-politik","tag-aussenministerium-von-ungarn","tag-europaische-union"],"blocksy_meta":[],"acf":[],"author_username":"alk","telegram_post":"","public_post_metadata":{"breaking_news":"","important":"","csempe":"","center_tile":"","disable_thumbnail":"","target_lang":"","_featured_image_style":"","telegram_post":"","_xlat_group_id":""},"public_rank_math_data":{"title":"%title% %sep% %sitename%","description":"","focus_keyword":"","canonical_url":"","robots":"","primary_category":"1081","breadcrumb_title":"","facebook_title":"","facebook_description":"","facebook_image":"","facebook_image_id":"","twitter_title":"","twitter_description":"","twitter_image":"","twitter_image_id":"","twitter_card_type":"","twitter_use_facebook":"","advanced_robots":"","pillar_content":"","seo_score":"","contentai_score":"","rich_snippet":""},"_links":{"self":[{"href":"https:\/\/dailynewshungary.com\/de\/wp-json\/wp\/v2\/posts\/763024","targetHints":{"allow":["GET"]}}],"collection":[{"href":"https:\/\/dailynewshungary.com\/de\/wp-json\/wp\/v2\/posts"}],"about":[{"href":"https:\/\/dailynewshungary.com\/de\/wp-json\/wp\/v2\/types\/post"}],"author":[{"embeddable":true,"href":"https:\/\/dailynewshungary.com\/de\/wp-json\/wp\/v2\/users\/2"}],"replies":[{"embeddable":true,"href":"https:\/\/dailynewshungary.com\/de\/wp-json\/wp\/v2\/comments?post=763024"}],"version-history":[{"count":0,"href":"https:\/\/dailynewshungary.com\/de\/wp-json\/wp\/v2\/posts\/763024\/revisions"}],"wp:featuredmedia":[{"embeddable":true,"href":"https:\/\/dailynewshungary.com\/de\/wp-json\/wp\/v2\/media\/763025"}],"wp:attachment":[{"href":"https:\/\/dailynewshungary.com\/de\/wp-json\/wp\/v2\/media?parent=763024"}],"wp:term":[{"taxonomy":"category","embeddable":true,"href":"https:\/\/dailynewshungary.com\/de\/wp-json\/wp\/v2\/categories?post=763024"},{"taxonomy":"post_tag","embeddable":true,"href":"https:\/\/dailynewshungary.com\/de\/wp-json\/wp\/v2\/tags?post=763024"}],"curies":[{"name":"wp","href":"https:\/\/api.w.org\/{rel}","templated":true}]}}