{"id":763046,"date":"2015-11-28T09:01:03","date_gmt":"2015-11-28T08:01:03","guid":{"rendered":"https:\/\/dailynewshungary.com\/de\/ungarische-regierung-wochenendgipfel-eu-turkei-zum-thema-migration-von-entscheidender-bedeutung\/"},"modified":"2015-11-28T09:01:03","modified_gmt":"2015-11-28T08:01:03","slug":"ungarische-regierung-wochenendgipfel-eu-turkei-zum-thema-migration-von-entscheidender-bedeutung","status":"publish","type":"post","link":"https:\/\/dailynewshungary.com\/de\/ungarische-regierung-wochenendgipfel-eu-turkei-zum-thema-migration-von-entscheidender-bedeutung\/","title":{"rendered":"Ungarische Regierung: Wochenendgipfel EU-T\u00fcrkei zum Thema Migration von entscheidender Bedeutung"},"content":{"rendered":"<p><strong>Budapest (MTI) \u2013 Der bevorstehende EU-T\u00fcrkei-Gipfel mit Schwerpunkt auf Migration werde von zentraler Bedeutung sein, da er den Migrationsdruck auf Europa erheblich beeinflussen k\u00f6nne, sagte der Au\u00dfenminister am Freitag.<\/strong><\/p>\n<p>Am besten w\u00fcrde es den Interessen der EU dienen, wenn der Block am Sonntag aus einer \u201cstarken Position\u201d heraus die Gespr\u00e4che aufnehmen k\u00f6nnte Doch die EU werde sich stattdessen \u201cverteidigungslos an den Verhandlungstisch setzen\u201d, da sie bisher nicht in der Lage sei, ihre Grenzen und sich selbst zu sch\u00fctzen, sagte Peter Szijjarto auf einer Pressekonferenz.<\/p>\n<p>Die aktuelle Situation Europas sei die Folge einer \u201chypokriten Politik des Aufschiebens von Entscheidungen\u201d, sagte er.<\/p>\n<p>Szijjarto stellte fest, dass europ\u00e4ische Politiker in den letzten zehn Tagen etwa 30 Erkl\u00e4rungen abgegeben h\u00e4tten, in denen sie die Bedeutung des Schutzes der EU-Au\u00dfengrenzen betonten. Dennoch seien in dieser Frage keine konkreten Fortschritte erzielt worden, w\u00e4hrend etwa 5.000-10.000 Migranten pro Tag illegal EU-Grenzen \u00fcberqueren, sagte er.<\/p>\n<p>Der Minister sagte, Ungarn sei der einzige EU-Mitgliedstaat gewesen, der unter Einhaltung aller EU-Gesetze eine Entscheidung zum Schutz seiner Grenzen und zur Unterdr\u00fcckung der Migrantenwelle treffen k\u00f6nne.<\/p>\n<p>Der erste Schritt f\u00fcr Europa best\u00fcnde darin, mit den L\u00e4ndern, aus denen Migranten kommen, eine Einigung \u00fcber die Unterbringung in ihrer Heimat zu erzielen und die damit verbundenen Bem\u00fchungen mit angemessenen Mitteln zu unterst\u00fctzen, sagte er.<\/p>\n<p>Szijjarto k\u00fcndigte an, dass Ministerpr\u00e4sident Viktor Orban am Montag und Dienstag dem Iran einen offiziellen Besuch abstatten und Abkommen \u00fcber bilateralen Investitionsschutz und die Vermeidung der Doppelbesteuerung unterzeichnen werde.<\/p>\n","protected":false},"excerpt":{"rendered":"<p>Budapest (MTI) \u2013 Der bevorstehende EU-T\u00fcrkei-Gipfel mit Schwerpunkt auf Migration werde von zentraler Bedeutung sein, da er den Migrationsdruck auf Europa erheblich beeinflussen k\u00f6nne, sagte der Au\u00dfenminister am Freitag. Am besten w\u00fcrde es den Interessen der EU dienen, wenn der Block am Sonntag aus einer \u201cstarken Position\u201d heraus die Gespr\u00e4che aufnehmen k\u00f6nnte Doch die EU [&hellip;]<\/p>\n","protected":false},"author":2,"featured_media":763047,"comment_status":"open","ping_status":"open","sticky":false,"template":"","format":"standard","meta":{"_acf_changed":false,"_display_image":"","footnotes":""},"categories":[1081],"tags":[1169,1082,1200],"class_list":["post-763046","post","type-post","status-publish","format-standard","has-post-thumbnail","hentry","category-politik","tag-aussenministerium-von-ungarn","tag-europaische-union","tag-turkei"],"blocksy_meta":[],"acf":[],"author_username":"alk","telegram_post":"","public_post_metadata":{"breaking_news":"","important":"","csempe":"","center_tile":"","disable_thumbnail":"","target_lang":"","_featured_image_style":"","telegram_post":"","_xlat_group_id":""},"public_rank_math_data":{"title":"%title% %sep% %sitename%","description":"","focus_keyword":"","canonical_url":"","robots":"","primary_category":"1081","breadcrumb_title":"","facebook_title":"","facebook_description":"","facebook_image":"","facebook_image_id":"","twitter_title":"","twitter_description":"","twitter_image":"","twitter_image_id":"","twitter_card_type":"","twitter_use_facebook":"","advanced_robots":"","pillar_content":"","seo_score":"","contentai_score":"","rich_snippet":""},"_links":{"self":[{"href":"https:\/\/dailynewshungary.com\/de\/wp-json\/wp\/v2\/posts\/763046","targetHints":{"allow":["GET"]}}],"collection":[{"href":"https:\/\/dailynewshungary.com\/de\/wp-json\/wp\/v2\/posts"}],"about":[{"href":"https:\/\/dailynewshungary.com\/de\/wp-json\/wp\/v2\/types\/post"}],"author":[{"embeddable":true,"href":"https:\/\/dailynewshungary.com\/de\/wp-json\/wp\/v2\/users\/2"}],"replies":[{"embeddable":true,"href":"https:\/\/dailynewshungary.com\/de\/wp-json\/wp\/v2\/comments?post=763046"}],"version-history":[{"count":0,"href":"https:\/\/dailynewshungary.com\/de\/wp-json\/wp\/v2\/posts\/763046\/revisions"}],"wp:featuredmedia":[{"embeddable":true,"href":"https:\/\/dailynewshungary.com\/de\/wp-json\/wp\/v2\/media\/763047"}],"wp:attachment":[{"href":"https:\/\/dailynewshungary.com\/de\/wp-json\/wp\/v2\/media?parent=763046"}],"wp:term":[{"taxonomy":"category","embeddable":true,"href":"https:\/\/dailynewshungary.com\/de\/wp-json\/wp\/v2\/categories?post=763046"},{"taxonomy":"post_tag","embeddable":true,"href":"https:\/\/dailynewshungary.com\/de\/wp-json\/wp\/v2\/tags?post=763046"}],"curies":[{"name":"wp","href":"https:\/\/api.w.org\/{rel}","templated":true}]}}