{"id":763050,"date":"2015-11-28T06:46:38","date_gmt":"2015-11-28T05:46:38","guid":{"rendered":"https:\/\/dailynewshungary.com\/de\/ausenminister-die-anwendung-von-artikel-7-ware-rache-brussels\/"},"modified":"2015-11-28T06:46:38","modified_gmt":"2015-11-28T05:46:38","slug":"ausenminister-die-anwendung-von-artikel-7-ware-rache-brussels","status":"publish","type":"post","link":"https:\/\/dailynewshungary.com\/de\/ausenminister-die-anwendung-von-artikel-7-ware-rache-brussels\/","title":{"rendered":"Au\u00dfenminister: Die Anwendung von Artikel 7 w\u00e4re \u201cRache Br\u00fcssels\u201d"},"content":{"rendered":"<p><strong>Budapest (MTI) \u2013 Die Anwendung von Artikel 7 des Vertrags \u00fcber die Europ\u00e4ische Union gegen Ungarn k\u00f6nne wegen der erfolgreichen Einwanderungspolitik Ungarns, die die Einwanderungswelle stoppte, nur als \u201cRache Br\u00fcssels\u201d interpretiert werden, sagte Au\u00dfenminister Peter Szijjarto am Freitag.<\/strong><\/p>\n<p>Der Minister wurde gefragt, ob das Kollegium der EU-Kommissare angeblich die Aussicht auf eine Anwendung von Artikel 7 gegen Ungarn in Aussicht gestellt habe, der die Aussetzung des Stimmrechts im Falle einer schwerwiegenden und anhaltenden Verletzung der EU-Werte durch einen Mitgliedstaat erlaube.<\/p>\n<p>Das Nachrichtenportal Index berichtete am Freitag zuvor, dass das Kollegium eine politische Entscheidung \u00fcber eine zivile Initiative getroffen habe, in der es die Kommission aufforderte, ein \u201cVerfahren nach Artikel 7\u201d einzuleiten und \u201cdie Ungarnfrage\u201d vor dem beschlussfassenden Ministerrat zu behandeln.<\/p>\n<p>Mit einer solchen Entscheidung w\u00fcrde das Kollegium gegen die Regeln der EU versto\u00dfen, sagte Szijjarto auf einer PressekonferenzEine solche Entscheidung k\u00f6nne nur als Rache der einwanderungsfreundlichen Br\u00fcsseler und einwanderungsfreundlichen EU-Institutionen interpretiert werden, sagte er.<\/p>\n","protected":false},"excerpt":{"rendered":"<p>Budapest (MTI) \u2013 Die Anwendung von Artikel 7 des Vertrags \u00fcber die Europ\u00e4ische Union gegen Ungarn k\u00f6nne wegen der erfolgreichen Einwanderungspolitik Ungarns, die die Einwanderungswelle stoppte, nur als \u201cRache Br\u00fcssels\u201d interpretiert werden, sagte Au\u00dfenminister Peter Szijjarto am Freitag. Der Minister wurde gefragt, ob das Kollegium der EU-Kommissare angeblich die Aussicht auf eine Anwendung von Artikel [&hellip;]<\/p>\n","protected":false},"author":2,"featured_media":763051,"comment_status":"open","ping_status":"open","sticky":false,"template":"","format":"standard","meta":{"_acf_changed":false,"_display_image":"","footnotes":""},"categories":[1081],"tags":[1470,1082,1445],"class_list":["post-763050","post","type-post","status-publish","format-standard","has-post-thumbnail","hentry","category-politik","tag-ausenministerium-fur-ungarn","tag-europaische-union","tag-migration"],"blocksy_meta":[],"acf":[],"author_username":"alk","telegram_post":"","public_post_metadata":{"breaking_news":"","important":"","csempe":"","center_tile":"","disable_thumbnail":"","target_lang":"","_featured_image_style":"","telegram_post":"","_xlat_group_id":""},"public_rank_math_data":{"title":"%title% %sep% %sitename%","description":"","focus_keyword":"","canonical_url":"","robots":"","primary_category":"1081","breadcrumb_title":"","facebook_title":"","facebook_description":"","facebook_image":"","facebook_image_id":"","twitter_title":"","twitter_description":"","twitter_image":"","twitter_image_id":"","twitter_card_type":"","twitter_use_facebook":"","advanced_robots":"","pillar_content":"","seo_score":"","contentai_score":"","rich_snippet":""},"_links":{"self":[{"href":"https:\/\/dailynewshungary.com\/de\/wp-json\/wp\/v2\/posts\/763050","targetHints":{"allow":["GET"]}}],"collection":[{"href":"https:\/\/dailynewshungary.com\/de\/wp-json\/wp\/v2\/posts"}],"about":[{"href":"https:\/\/dailynewshungary.com\/de\/wp-json\/wp\/v2\/types\/post"}],"author":[{"embeddable":true,"href":"https:\/\/dailynewshungary.com\/de\/wp-json\/wp\/v2\/users\/2"}],"replies":[{"embeddable":true,"href":"https:\/\/dailynewshungary.com\/de\/wp-json\/wp\/v2\/comments?post=763050"}],"version-history":[{"count":0,"href":"https:\/\/dailynewshungary.com\/de\/wp-json\/wp\/v2\/posts\/763050\/revisions"}],"wp:featuredmedia":[{"embeddable":true,"href":"https:\/\/dailynewshungary.com\/de\/wp-json\/wp\/v2\/media\/763051"}],"wp:attachment":[{"href":"https:\/\/dailynewshungary.com\/de\/wp-json\/wp\/v2\/media?parent=763050"}],"wp:term":[{"taxonomy":"category","embeddable":true,"href":"https:\/\/dailynewshungary.com\/de\/wp-json\/wp\/v2\/categories?post=763050"},{"taxonomy":"post_tag","embeddable":true,"href":"https:\/\/dailynewshungary.com\/de\/wp-json\/wp\/v2\/tags?post=763050"}],"curies":[{"name":"wp","href":"https:\/\/api.w.org\/{rel}","templated":true}]}}