{"id":763056,"date":"2015-11-27T21:00:45","date_gmt":"2015-11-27T20:00:45","guid":{"rendered":"https:\/\/dailynewshungary.com\/de\/mol-chef-von-der-interpol-fahndungsliste-gestrichen\/"},"modified":"2015-11-27T21:00:45","modified_gmt":"2015-11-27T20:00:45","slug":"mol-chef-von-der-interpol-fahndungsliste-gestrichen","status":"publish","type":"post","link":"https:\/\/dailynewshungary.com\/de\/mol-chef-von-der-interpol-fahndungsliste-gestrichen\/","title":{"rendered":"MOL-Chef von der Interpol-Fahndungsliste gestrichen"},"content":{"rendered":"<p><strong>Budapest, 27. November (MTI) \u2013 Zsolt Hern\u00e1di, Vorstandsvorsitzender des ungarischen \u00d6l- und Gasunternehmens MOL, wurde von der Fahndungsliste von Interpol gestrichen.<\/strong><\/p>\n<p>Interpol antwortete nicht sofort auf Fragen von MTI zur Streichung von Hern\u00e1dis Namen von der Liste.<\/p>\n<p>Hernadis Name wurde erstmals auf die Fahndungsliste von Interpol gesetzt, nachdem die kroatische Polizei 2013 einen Haftbefehl gegen ihn wegen des Verdachts erlassen hatte, den ehemaligen kroatischen Ministerpr\u00e4sidenten Ivo Sanader mit 10 Millionen Euro bestochen zu haben, um eine Mehrheitsbeteiligung am kroatischen \u00d6lkonzern INA zu erhalten.<\/p>\n<p>Das Budapester Berufungsgericht sprach Hern\u00e1di im vergangenen Dezember von den Bestechungsvorw\u00fcrfen frei.<\/p>\n<p>Sein Name wurde 2014 von der Liste gestrichen, nachdem sein Fall von der Kommission zur Kontrolle der Interpol-Akten gepr\u00fcft worden war. Im Februar dieses Jahres wurde er erneut auf die Liste gesetzt.<\/p>\n<p>Die Aufnahme in die Liste bedeutete, dass jeder Mitgliedsstaat von Interpol ihn in Gewahrsam h\u00e4tte nehmen und in das Land zur\u00fcckbringen m\u00fcssen, in dem er urspr\u00fcnglich gesucht wurde, in diesem Fall Kroatien.<\/p>\n<p>Anfang dieses Monats setzten \u00d6sterreich und Deutschland den Haftbefehl gegen Hern\u00e1di aus. Inoffizielle Quellen gaben damals an, dass die beiden L\u00e4nder den Haftbefehl wegen doppelter Gef\u00e4hrdung ausgesetzt h\u00e4tten, eine Verteidigung, die es einem Angeklagten verbietet, nach einem Freispruch erneut wegen derselben Anklage angeklagt zu werden.<\/p>\n<p>Hern\u00e1di hat die Bestechungsvorw\u00fcrfe kontinuierlich zur\u00fcckgewiesen.<\/p>\n<p><em>Foto: civilhetes.hu<\/em><\/p>\n","protected":false},"excerpt":{"rendered":"<p>Budapest, 27. November (MTI) \u2013 Zsolt Hern\u00e1di, Vorstandsvorsitzender des ungarischen \u00d6l- und Gasunternehmens MOL, wurde von der Fahndungsliste von Interpol gestrichen. Interpol antwortete nicht sofort auf Fragen von MTI zur Streichung von Hern\u00e1dis Namen von der Liste. Hernadis Name wurde erstmals auf die Fahndungsliste von Interpol gesetzt, nachdem die kroatische Polizei 2013 einen Haftbefehl gegen [&hellip;]<\/p>\n","protected":false},"author":2,"featured_media":763057,"comment_status":"open","ping_status":"open","sticky":false,"template":"","format":"standard","meta":{"_acf_changed":false,"_display_image":"","footnotes":""},"categories":[1281],"tags":[1326,3605,1199,1206,1236],"class_list":["post-763056","post","type-post","status-publish","format-standard","has-post-thumbnail","hentry","category-geschaft","tag-gericht","tag-interpol","tag-kroatien","tag-mol","tag-polizei"],"blocksy_meta":[],"acf":[],"author_username":"alk","telegram_post":"","public_post_metadata":{"breaking_news":"","important":"","csempe":"","center_tile":"","disable_thumbnail":"","target_lang":"","_featured_image_style":"","telegram_post":"","_xlat_group_id":""},"public_rank_math_data":{"title":"%title% %sep% %sitename%","description":"","focus_keyword":"MOL","canonical_url":"","robots":"","primary_category":"1281","breadcrumb_title":"","facebook_title":"","facebook_description":"","facebook_image":"","facebook_image_id":"","twitter_title":"","twitter_description":"","twitter_image":"","twitter_image_id":"","twitter_card_type":"","twitter_use_facebook":"","advanced_robots":"","pillar_content":"","seo_score":"57","contentai_score":"","rich_snippet":""},"_links":{"self":[{"href":"https:\/\/dailynewshungary.com\/de\/wp-json\/wp\/v2\/posts\/763056","targetHints":{"allow":["GET"]}}],"collection":[{"href":"https:\/\/dailynewshungary.com\/de\/wp-json\/wp\/v2\/posts"}],"about":[{"href":"https:\/\/dailynewshungary.com\/de\/wp-json\/wp\/v2\/types\/post"}],"author":[{"embeddable":true,"href":"https:\/\/dailynewshungary.com\/de\/wp-json\/wp\/v2\/users\/2"}],"replies":[{"embeddable":true,"href":"https:\/\/dailynewshungary.com\/de\/wp-json\/wp\/v2\/comments?post=763056"}],"version-history":[{"count":0,"href":"https:\/\/dailynewshungary.com\/de\/wp-json\/wp\/v2\/posts\/763056\/revisions"}],"wp:featuredmedia":[{"embeddable":true,"href":"https:\/\/dailynewshungary.com\/de\/wp-json\/wp\/v2\/media\/763057"}],"wp:attachment":[{"href":"https:\/\/dailynewshungary.com\/de\/wp-json\/wp\/v2\/media?parent=763056"}],"wp:term":[{"taxonomy":"category","embeddable":true,"href":"https:\/\/dailynewshungary.com\/de\/wp-json\/wp\/v2\/categories?post=763056"},{"taxonomy":"post_tag","embeddable":true,"href":"https:\/\/dailynewshungary.com\/de\/wp-json\/wp\/v2\/tags?post=763056"}],"curies":[{"name":"wp","href":"https:\/\/api.w.org\/{rel}","templated":true}]}}