{"id":763072,"date":"2015-11-27T11:12:33","date_gmt":"2015-11-27T10:12:33","guid":{"rendered":"https:\/\/dailynewshungary.com\/de\/funftel-der-ungarn-interessiert-an-black-friday-verkaufen\/"},"modified":"2015-11-27T11:12:33","modified_gmt":"2015-11-27T10:12:33","slug":"funftel-der-ungarn-interessiert-an-black-friday-verkaufen","status":"publish","type":"post","link":"https:\/\/dailynewshungary.com\/de\/funftel-der-ungarn-interessiert-an-black-friday-verkaufen\/","title":{"rendered":"F\u00fcnftel der Ungarn interessiert an Black Friday-Verk\u00e4ufen"},"content":{"rendered":"<p><strong>Budapest, 27. November (MTI) \u2013 Etwa eine Million Menschen oder ein F\u00fcnftel der ungarischen Internetnutzer im Alter von 18-59 Jahren planen, die f\u00fcr den Black Friday beworbenen Verk\u00e4ufe zu kaufen.<\/strong><\/p>\n<p>Der Black Friday, ein Tag, an dem die meisten Gesch\u00e4fte eine Preissenkung anbieten, wurde in den USA vor fast f\u00fcnfzig Jahren gestartet. Der Tag findet normalerweise am Freitag nach dem US-Feiertag Thanksgiving statt, dieses Jahr am 27. November, was traditionell auch der offizielle Beginn des Weihnachtsverkaufs ist.<\/p>\n<p>Eine in Ungarn durchgef\u00fchrte Marketing-Umfrage ergab, dass 72 Prozent der Befragten vom Black Friday geh\u00f6rt hatten und 22 Prozent planen, an diesem Tag etwas in einem Sale zu kaufen, eine Mehrheit, oder 54 Prozent, dieser geplanten Eink\u00e4ufe werden online get\u00e4tigt, w\u00e4hrend 11 Prozent angaben, nur in einem Gesch\u00e4ft einzukaufen.<\/p>\n<p>Online-K\u00e4ufer sind laut der Umfrage haupts\u00e4chlich gebildete M\u00e4nner im Alter von 30-39 Jahren aus Budapest und Ostungarn, w\u00e4hrend die K\u00e4ufer, die Kaufh\u00e4user bevorzugen, typischerweise Frauen mit niedrigerem Bildungsniveau sind.<\/p>\n<p>Das Statistische Zentralamt (KSH) sagte, das Online-Shopping in Ungarn nehme an Boden: Im vergangenen Jahr kauften 20 Prozent der Bev\u00f6lkerung onlineDer durch Hauszustellung und Online-H\u00e4ndler erzielte Umsatz sei von 2005 bis 2014 um das 6,6-fache gestiegen, hie\u00df es.<\/p>\n<p>Auch die Ungarn \u00fcbernahmen den \u201cBuy Nothing Day\u201d, eine Kampagne gegen Mehrausgaben, die meist am oder nach dem Black Friday begangen wird.<\/p>\n<p><em>Foto:&nbsp;<span class=\"irc_ho\" dir=\"ltr\">www.blackfridaynews.hu<\/span><\/em><\/p>\n","protected":false},"excerpt":{"rendered":"<p>Budapest, 27. November (MTI) \u2013 Etwa eine Million Menschen oder ein F\u00fcnftel der ungarischen Internetnutzer im Alter von 18-59 Jahren planen, die f\u00fcr den Black Friday beworbenen Verk\u00e4ufe zu kaufen. Der Black Friday, ein Tag, an dem die meisten Gesch\u00e4fte eine Preissenkung anbieten, wurde in den USA vor fast f\u00fcnfzig Jahren gestartet. Der Tag findet [&hellip;]<\/p>\n","protected":false},"author":2,"featured_media":763073,"comment_status":"open","ping_status":"open","sticky":false,"template":"","format":"standard","meta":{"_acf_changed":false,"_display_image":"","footnotes":""},"categories":[1281],"tags":[1066],"class_list":["post-763072","post","type-post","status-publish","format-standard","has-post-thumbnail","hentry","category-geschaft","tag-hungary"],"blocksy_meta":[],"acf":[],"author_username":"alk","telegram_post":"","public_post_metadata":{"breaking_news":"","important":"","csempe":"","center_tile":"","disable_thumbnail":"","target_lang":"","_featured_image_style":"","telegram_post":"","_xlat_group_id":""},"public_rank_math_data":{"title":"%title% %sep% %sitename%","description":"","focus_keyword":"","canonical_url":"","robots":"","primary_category":"1281","breadcrumb_title":"","facebook_title":"","facebook_description":"","facebook_image":"","facebook_image_id":"","twitter_title":"","twitter_description":"","twitter_image":"","twitter_image_id":"","twitter_card_type":"","twitter_use_facebook":"","advanced_robots":"","pillar_content":"","seo_score":"","contentai_score":"","rich_snippet":""},"_links":{"self":[{"href":"https:\/\/dailynewshungary.com\/de\/wp-json\/wp\/v2\/posts\/763072","targetHints":{"allow":["GET"]}}],"collection":[{"href":"https:\/\/dailynewshungary.com\/de\/wp-json\/wp\/v2\/posts"}],"about":[{"href":"https:\/\/dailynewshungary.com\/de\/wp-json\/wp\/v2\/types\/post"}],"author":[{"embeddable":true,"href":"https:\/\/dailynewshungary.com\/de\/wp-json\/wp\/v2\/users\/2"}],"replies":[{"embeddable":true,"href":"https:\/\/dailynewshungary.com\/de\/wp-json\/wp\/v2\/comments?post=763072"}],"version-history":[{"count":0,"href":"https:\/\/dailynewshungary.com\/de\/wp-json\/wp\/v2\/posts\/763072\/revisions"}],"wp:featuredmedia":[{"embeddable":true,"href":"https:\/\/dailynewshungary.com\/de\/wp-json\/wp\/v2\/media\/763073"}],"wp:attachment":[{"href":"https:\/\/dailynewshungary.com\/de\/wp-json\/wp\/v2\/media?parent=763072"}],"wp:term":[{"taxonomy":"category","embeddable":true,"href":"https:\/\/dailynewshungary.com\/de\/wp-json\/wp\/v2\/categories?post=763072"},{"taxonomy":"post_tag","embeddable":true,"href":"https:\/\/dailynewshungary.com\/de\/wp-json\/wp\/v2\/tags?post=763072"}],"curies":[{"name":"wp","href":"https:\/\/api.w.org\/{rel}","templated":true}]}}