{"id":763106,"date":"2015-11-26T07:39:23","date_gmt":"2015-11-26T06:39:23","guid":{"rendered":"https:\/\/dailynewshungary.com\/de\/regierung-die-eu-angelegenheiten-auf-das-amt-des-premierministers-ubertragen-richtig\/"},"modified":"2015-11-26T07:39:23","modified_gmt":"2015-11-26T06:39:23","slug":"regierung-die-eu-angelegenheiten-auf-das-amt-des-premierministers-ubertragen-richtig","status":"publish","type":"post","link":"https:\/\/dailynewshungary.com\/de\/regierung-die-eu-angelegenheiten-auf-das-amt-des-premierministers-ubertragen-richtig\/","title":{"rendered":"Regierung: Die EU-Angelegenheiten auf das Amt des Premierministers \u00fcbertragen, richtig"},"content":{"rendered":"<p><strong>Budapest (MTI) \u2013 Die \u00dcbertragung europ\u00e4ischer Angelegenheiten vom Au\u00dfenministerium auf das B\u00fcro des Premierministers habe sich als der richtige Schritt erwiesen, sagte Regierungsamtsleiter Janos Lazar am Mittwoch dem Ausschuss f\u00fcr europ\u00e4ische Angelegenheiten des Parlaments.<\/strong><\/p>\n<p>Erfahrungen aus der vorangegangenen Amtszeit der Regierung 2010-2014 haben gezeigt, dass Angelegenheiten im Zusammenhang mit der Europ\u00e4ischen Kommission in der Regel nicht den Au\u00dfenhandel oder die Au\u00dfenpolitik abdecken, da diese Angelegenheiten die Verwaltung der allt\u00e4glichen Angelegenheiten des Landes betreffen, sagte Lazar in seiner j\u00e4hrlichen Anh\u00f6rung vor dem Ausschuss.<\/p>\n<p>Ungarn und die EU seien sowohl in wertebasierte als auch in interessenbezogene Streitigkeiten verwickelt, sagte Lazar. Streitigkeiten \u00fcber den Umgang mit der Migrationskrise seien Beispiele f\u00fcr Ersteres, w\u00e4hrend die interessenbezogenen Streitigkeiten die Gesch\u00e4fts- und Handelspolitik wie die Regulierung dar\u00fcber abdeckten, wer Land in Ungarn erhalten k\u00f6nne, f\u00fcgte er hinzu.<\/p>\n<p>Lazar wies darauf hin, dass die Regierung dem Justizministerium, das Ungarn nun bei der Bearbeitung solcher F\u00e4lle vertritt, Aufgaben im Zusammenhang mit Vertragsverletzungsverfahren \u00fcbertragen habe.<\/p>\n<p>Er sagte, Ungarn geh\u00f6re zu den Mitgliedstaaten, die in der letzten Zeit keine EU-Mittel verloren h\u00e4tten, was seiner Meinung nach auf eine gute Organisation seitens der Regierung zur\u00fcckzuf\u00fchren sei. Er empfahl dem Parlament, eine Debatte \u00fcber die Lehren aus der Verwendung von EU-Mitteln im vorangegangenen F\u00f6rderzeitraum zu f\u00fchren.<\/p>\n<p>Lazar sagte, die Neuorganisation des Systems rund um EU-Mittel sei mit Risiken und Schwierigkeiten verbunden, da es sich um einen Bereich der Regierung handele, der \u201eeingespart\u201cm\u00fcsse. Eine solche \u00dcberarbeitung k\u00f6nne nur durchgef\u00fchrt werden, wenn es keine gr\u00f6\u00dferen Streitigkeiten zwischen den Parteien gebe, f\u00fcgte er hinzu.<\/p>\n<p>Er sagte, die Regierung sei mitten in der Neuorganisation der St\u00e4ndigen Vertretung Ungarns in Br\u00fcssel, die seiner Meinung nach derzeit das wichtigste Au\u00dfenamt des Landes sei, in dem Beamte die direkten Interessen Ungarns vertreten m\u00fcssten. \u201eEs reicht nicht aus, in diesem Amt ein Fidesz-Unterst\u00fctzer zu sein.\u201cDiese Vertreter m\u00fcssen gut sein. \u201eTats\u00e4chlich m\u00fcssen sie sehr gut sein\u201d, sagte er.<\/p>\n<p>Auf eine Frage des sozialistischen Abgeordneten Zsolt Legeny antwortete Lazar, dass bisher 22 der 90 Mitarbeiter des Br\u00fcsseler B\u00fcros entlassen wurden.<\/p>\n<p>Szabolcs Takacs, Staatssekret\u00e4r f\u00fcr europ\u00e4ische Angelegenheiten, sagte, dass die EU heute sowohl mit externen als auch mit internen Krisen konfrontiert sei, deren Bew\u00e4ltigung f\u00fcr die Mitgliedstaaten und die EU insgesamt schwierig sein werde.<\/p>\n<p>Unter den externen Herausforderungen des Blocks nannte Takacs die Migrationskrise, die Bedrohung durch den Terrorismus und Zweifel an der EU-Mitgliedschaft des Vereinigten K\u00f6nigreichs.<\/p>\n<p>In Bezug auf die Migrationskrise sagte er, die j\u00fcngsten Entwicklungen h\u00e4tten die Haltung Ungarns best\u00e4tigt und f\u00fcgte hinzu, dass Ungarn wolle, dass die Mitgliedstaaten bei der L\u00f6sung der Krise eng zusammenarbeiten. Es sei auch wichtig, die wichtigsten Errungenschaften der EU wie das Recht der B\u00fcrger auf Freiz\u00fcgigkeit zu sch\u00fctzen.<\/p>\n<p>Zum Thema Terrorismus sagte Takacs, Ungarn m\u00fcsse zeigen, dass der Rest des Blocks sich darauf verlassen k\u00f6nne, f\u00fcgte jedoch hinzu, dass \u201cMenschenrechten kein Vorrang vor dem menschlichen Leben selbst einger\u00e4umt werden kann\u201d.<\/p>\n<p>Zur Migrationsfrage sagte Lazar, dass es in der EU einige gebe, die die Einwanderung auf den Kontinent organisieren wollten, und sagte, dass Europa davon profitieren werde, w\u00e4hrend Ungarn sagt, der Migrationsstrom nach Europa sollte gestoppt werden. Er sagte, Ungarn habe die Bed\u00fcrfnisse bestimmter L\u00e4nder respektiert. Bedarf an Migranten, aber dies kann nicht dazu f\u00fchren, dass die Umsiedlung von Migranten nach Ungarn vorgeschrieben wird.<\/p>\n<p>Auf Fragen von Tibor Bana, von der radikal-nationalistischen Jobbik-Partei und Istvan Jozsa, von den Sozialisten antwortete Lazar, Ungarn werde 2020 Zugang zur Koh\u00e4sionsfinanzierung der EU haben, aber da sich die Regelungen wahrscheinlich \u00e4ndern werden, m\u00fcsse Ungarn kreativ und innovativ sein mit seinen Projekten Lazar f\u00fcgte hinzu, dass es nicht sicher sei, dass alle Regionen Ungarns von Koh\u00e4sionsfonds profitieren k\u00f6nnten, da \u201edie EU-Steuerzahler zunehmend skeptisch werden, ob Mitteleuropa noch Geld erhalten muss, da klar ist, dass diese L\u00e4nder die Mittel nicht leichtfertig ausgegeben haben.\u201c\u201d.<\/p>\n<p>Auf eine weitere Frage von Jozsa antwortete Lazar, dass die Roma-F\u00fchrer eine gro\u00dfe Verantwortung f\u00fcr die soziale Eingliederung der Roma in Ungarn tragen, da alle Regierungen Anstrengungen unternommen haben, sie zu integrieren. Wenn sich ein Programm zur sozialen Eingliederung als erfolglos erweist, besteht die Chance, dass die Gesellschaft denkt, dass die Unterst\u00fctzung solcher Anliegen sinnlos sei, sagte er.<\/p>\n","protected":false},"excerpt":{"rendered":"<p>Budapest (MTI) \u2013 Die \u00dcbertragung europ\u00e4ischer Angelegenheiten vom Au\u00dfenministerium auf das B\u00fcro des Premierministers habe sich als der richtige Schritt erwiesen, sagte Regierungsamtsleiter Janos Lazar am Mittwoch dem Ausschuss f\u00fcr europ\u00e4ische Angelegenheiten des Parlaments. Erfahrungen aus der vorangegangenen Amtszeit der Regierung 2010-2014 haben gezeigt, dass Angelegenheiten im Zusammenhang mit der Europ\u00e4ischen Kommission in der Regel [&hellip;]<\/p>\n","protected":false},"author":2,"featured_media":763107,"comment_status":"open","ping_status":"open","sticky":false,"template":"","format":"standard","meta":{"_acf_changed":false,"_display_image":"","footnotes":""},"categories":[1081],"tags":[1082],"class_list":["post-763106","post","type-post","status-publish","format-standard","has-post-thumbnail","hentry","category-politik","tag-europaische-union"],"blocksy_meta":[],"acf":[],"author_username":"alk","telegram_post":"","public_post_metadata":{"breaking_news":"","important":"","csempe":"","center_tile":"","disable_thumbnail":"","target_lang":"","_featured_image_style":"","telegram_post":"","_xlat_group_id":""},"public_rank_math_data":{"title":"%title% %sep% %sitename%","description":"","focus_keyword":"","canonical_url":"","robots":"","primary_category":"1081","breadcrumb_title":"","facebook_title":"","facebook_description":"","facebook_image":"","facebook_image_id":"","twitter_title":"","twitter_description":"","twitter_image":"","twitter_image_id":"","twitter_card_type":"","twitter_use_facebook":"","advanced_robots":"","pillar_content":"","seo_score":"","contentai_score":"","rich_snippet":""},"_links":{"self":[{"href":"https:\/\/dailynewshungary.com\/de\/wp-json\/wp\/v2\/posts\/763106","targetHints":{"allow":["GET"]}}],"collection":[{"href":"https:\/\/dailynewshungary.com\/de\/wp-json\/wp\/v2\/posts"}],"about":[{"href":"https:\/\/dailynewshungary.com\/de\/wp-json\/wp\/v2\/types\/post"}],"author":[{"embeddable":true,"href":"https:\/\/dailynewshungary.com\/de\/wp-json\/wp\/v2\/users\/2"}],"replies":[{"embeddable":true,"href":"https:\/\/dailynewshungary.com\/de\/wp-json\/wp\/v2\/comments?post=763106"}],"version-history":[{"count":0,"href":"https:\/\/dailynewshungary.com\/de\/wp-json\/wp\/v2\/posts\/763106\/revisions"}],"wp:featuredmedia":[{"embeddable":true,"href":"https:\/\/dailynewshungary.com\/de\/wp-json\/wp\/v2\/media\/763107"}],"wp:attachment":[{"href":"https:\/\/dailynewshungary.com\/de\/wp-json\/wp\/v2\/media?parent=763106"}],"wp:term":[{"taxonomy":"category","embeddable":true,"href":"https:\/\/dailynewshungary.com\/de\/wp-json\/wp\/v2\/categories?post=763106"},{"taxonomy":"post_tag","embeddable":true,"href":"https:\/\/dailynewshungary.com\/de\/wp-json\/wp\/v2\/tags?post=763106"}],"curies":[{"name":"wp","href":"https:\/\/api.w.org\/{rel}","templated":true}]}}