{"id":763308,"date":"2015-11-19T09:52:08","date_gmt":"2015-11-19T08:52:08","guid":{"rendered":"https:\/\/dailynewshungary.com\/de\/jobbik-veranstaltet-anti-migrations-demo-vor-dem-ec-buro\/"},"modified":"2015-11-19T09:52:08","modified_gmt":"2015-11-19T08:52:08","slug":"jobbik-veranstaltet-anti-migrations-demo-vor-dem-ec-buro","status":"publish","type":"post","link":"https:\/\/dailynewshungary.com\/de\/jobbik-veranstaltet-anti-migrations-demo-vor-dem-ec-buro\/","title":{"rendered":"Jobbik veranstaltet Anti-Migrations-Demo vor dem EC-B\u00fcro"},"content":{"rendered":"<p><strong>Budapest (MTI) (Ungarn muss Br\u00fcssel klar machen, dass es keinen Teil des Migrantenquotensystems will, sagte Gabor Vona, Vorsitzender der radikal-nationalistischen Jobbik-Partei, auf einer Demonstration seiner Partei gegen die Migrationspolitik der EU vor der EU der Vertretung der Europ\u00e4ischen Kommission in Ungarn am Mittwoch.<\/strong><\/p>\n<p>Unterschriftenaktionen reichen nach den Anschl\u00e4gen von Paris nicht mehr aus, die Regierung m\u00fcsse ein Referendum \u00fcber das Quotensystem abhalten, sagte Vona den Hunderten von DemonstrantenEr sagte, die Bedrohung durch den Terrorismus sei seit letztem Freitag \u201c\u00fcberaus stark\u201d gestiegen.<\/p>\n<p>Vona sagte, das Ergebnis eines verbindlichen Referendums \u201cw\u00fcrde sich wie ein Lauffeuer in ganz Europa ausbreiten\u201d Er sagte, die Europ\u00e4er seien mit der deutschen Bundeskanzlerin Angela Merkel und dem EG-Pr\u00e4sidenten Jean-Claude Juncker \u00fcber den Umgang mit ankommenden Migranten nicht einverstanden, und f\u00fcgte hinzu, dass die beiden Staats- und Regierungschefs \u201cscheuen, die Menschen zu fragen\u201d, was sie gegen die Migrationskrise tun sollten.<\/p>\n<p>Vona sagte, die \u201cBotschaft seiner Partei an die Welt\u201d sei, dass \u201cwenn 100.000 Migranten an unsere Grenzen kommen, werden wir 100.000 Menschen schicken, um sie zu sch\u00fctzen, wenn eine Million ankommen, schicken wir eine Million und wenn noch mehr Migranten ankommen, dann werden alle 10 Millionen von uns dorthin gehen &#8230; Ungarn wird bis zu unseren letzten Atemz\u00fcgen unser bleiben!\u201d<\/p>\n<p><a href=\"https:\/\/dailynewshungary.com\/wp-content\/uploads\/2015\/11\/Download-122.jpg\" data-pswp-width=\"\" data-pswp-height=\"\" data-cropped=\"true\"><img loading=\"lazy\" decoding=\"async\" class=\"size-full wp-image-27401 aligncenter\" src=\"https:\/\/dailynewshungary.com\/wp-content\/uploads\/2015\/11\/Download-122.jpg\" alt=\"Herunterladen (12)\" width=\"600\" height=\"399\" srcset=\"https:\/\/contentf5.dailynewshungary.com\/wp-content\/uploads\/2015\/11\/Download-122.jpg 600w, https:\/\/contentf5.dailynewshungary.com\/wp-content\/uploads\/2015\/11\/Download-122-300x200.jpg 300w\" sizes=\"auto, (max-width: 600px) 100vw, 600px\"><\/a><\/p>\n<p>Er verglich die Quotenregelung mit einer \u201cHausparty schiefgegangen\u201d, bei der die Partyg\u00e4nger f\u00fcr die Nacht beim Nachbarn abst\u00fcrzenEr sagte, dass sich alle politischen Parteien vereinen m\u00fcssen, um das Vorhaben zu blockieren.<\/p>\n<p>Vona sagte, seine Partei sei pro-europ\u00e4isch und sie halte europ\u00e4ische Werte f\u00fcr wichtig und w\u00fcnsche sich ein starkes EuropaDie EU sei hingegen \u201cvoll von Fehlern und Ausbeutung\u201d, sagte er.<\/p>\n<p>Vona sagte, er erwarte nicht, dass sich der Migrationsdruck Europas so schnell verringern werde, da Millionen Menschen in Asien, Nordafrika und Afrika s\u00fcdlich der Sahara darauf warten, nach Europa aufzubrechen.<\/p>\n<p>Der Parteivorsitzende sagte, er respektiere alle Religionen \u201cauf der Suche nach Gott und dem Versuch, den Menschen Gott n\u00e4her zu bringen\u201d und er verwechsle die militante Gruppe Islamischer Staat, Terrorismus oder Migration nicht mit der Religion des Islam Vona f\u00fcgte jedoch hinzu, dass die Anh\u00e4nger jeder Religion \u201cberechtigt sind, nur auf ihrem eigenen Land und nicht auf dem eines anderen zu leben\u201d Er sagte, dass er sogar Einw\u00e4nde gegen die Einreise von Christen aus Boko Haram nach Europa erheben w\u00fcrde, weil der Kontinent und Ungarn nicht in der Lage seien, Millionen von Menschen aufzunehmen, deren Br\u00e4uche sich grundlegend von denen der Europ\u00e4er unterscheiden.<\/p>\n<p><em>Foto: MTI<\/em><\/p>\n","protected":false},"excerpt":{"rendered":"<p>Budapest (MTI) (Ungarn muss Br\u00fcssel klar machen, dass es keinen Teil des Migrantenquotensystems will, sagte Gabor Vona, Vorsitzender der radikal-nationalistischen Jobbik-Partei, auf einer Demonstration seiner Partei gegen die Migrationspolitik der EU vor der EU der Vertretung der Europ\u00e4ischen Kommission in Ungarn am Mittwoch. Unterschriftenaktionen reichen nach den Anschl\u00e4gen von Paris nicht mehr aus, die Regierung [&hellip;]<\/p>\n","protected":false},"author":2,"featured_media":763309,"comment_status":"open","ping_status":"open","sticky":false,"template":"","format":"standard","meta":{"_acf_changed":false,"_display_image":"","footnotes":""},"categories":[1081],"tags":[1266,1426,1082,1632],"class_list":["post-763308","post","type-post","status-publish","format-standard","has-post-thumbnail","hentry","category-politik","tag-demonstration","tag-europaische-kommission","tag-europaische-union","tag-jobbik"],"blocksy_meta":[],"acf":[],"author_username":"alk","telegram_post":"","public_post_metadata":{"breaking_news":"","important":"","csempe":"","center_tile":"","disable_thumbnail":"","target_lang":"","_featured_image_style":"","telegram_post":"","_xlat_group_id":""},"public_rank_math_data":{"title":"%title% %sep% %sitename%","description":"","focus_keyword":"","canonical_url":"","robots":"","primary_category":"1081","breadcrumb_title":"","facebook_title":"","facebook_description":"","facebook_image":"","facebook_image_id":"","twitter_title":"","twitter_description":"","twitter_image":"","twitter_image_id":"","twitter_card_type":"","twitter_use_facebook":"","advanced_robots":"","pillar_content":"","seo_score":"","contentai_score":"","rich_snippet":""},"_links":{"self":[{"href":"https:\/\/dailynewshungary.com\/de\/wp-json\/wp\/v2\/posts\/763308","targetHints":{"allow":["GET"]}}],"collection":[{"href":"https:\/\/dailynewshungary.com\/de\/wp-json\/wp\/v2\/posts"}],"about":[{"href":"https:\/\/dailynewshungary.com\/de\/wp-json\/wp\/v2\/types\/post"}],"author":[{"embeddable":true,"href":"https:\/\/dailynewshungary.com\/de\/wp-json\/wp\/v2\/users\/2"}],"replies":[{"embeddable":true,"href":"https:\/\/dailynewshungary.com\/de\/wp-json\/wp\/v2\/comments?post=763308"}],"version-history":[{"count":0,"href":"https:\/\/dailynewshungary.com\/de\/wp-json\/wp\/v2\/posts\/763308\/revisions"}],"wp:featuredmedia":[{"embeddable":true,"href":"https:\/\/dailynewshungary.com\/de\/wp-json\/wp\/v2\/media\/763309"}],"wp:attachment":[{"href":"https:\/\/dailynewshungary.com\/de\/wp-json\/wp\/v2\/media?parent=763308"}],"wp:term":[{"taxonomy":"category","embeddable":true,"href":"https:\/\/dailynewshungary.com\/de\/wp-json\/wp\/v2\/categories?post=763308"},{"taxonomy":"post_tag","embeddable":true,"href":"https:\/\/dailynewshungary.com\/de\/wp-json\/wp\/v2\/tags?post=763308"}],"curies":[{"name":"wp","href":"https:\/\/api.w.org\/{rel}","templated":true}]}}