{"id":763342,"date":"2015-11-18T07:30:40","date_gmt":"2015-11-18T06:30:40","guid":{"rendered":"https:\/\/dailynewshungary.com\/de\/szijjarto-weist-die-kritik-des-deutschen-ministers-an-der-migrationspolitik-zuruck\/"},"modified":"2015-11-18T07:30:40","modified_gmt":"2015-11-18T06:30:40","slug":"szijjarto-weist-die-kritik-des-deutschen-ministers-an-der-migrationspolitik-zuruck","status":"publish","type":"post","link":"https:\/\/dailynewshungary.com\/de\/szijjarto-weist-die-kritik-des-deutschen-ministers-an-der-migrationspolitik-zuruck\/","title":{"rendered":"Szijjarto weist die Kritik des deutschen Ministers an der Migrationspolitik zur\u00fcck"},"content":{"rendered":"<p><strong>Budapest (MTI) \u201eAktuelle Bemerkungen von Michael Roth \u201ehaben wenig mit der Realit\u00e4t zu tun\u201csagte der ungarische Au\u00dfenminister Peter Szijjarto, nachdem der deutsche Au\u00dfenminister die Europ\u00e4ische Union aufgefordert hatte, die Rechtsstaatlichkeit in Ungarn im Zusammenhang mit Migranten aufrechtzuerhalten.<\/strong><\/p>\n<p>Auch am Dienstag zuvor hatte Roth Europa dazu gedr\u00e4ngt, nach den Terroranschl\u00e4gen vom vergangenen Wochenende in Paris nicht gespalten zu werdenDie K\u00e4mpfe gegen den Terrorismus sollten nicht mit der Migrationskrise vermischt werden, \u201cauch nicht im Fall Ungarns\u201d, sagte er.<\/p>\n<p>Als Reaktion auf die Ausf\u00fchrungen des deutschen Ministers sagte Szijjarto, \u201cUngarn sei ein Rechtsstaat und werde die gemeinsamen Regelungen Europas auch dann durchsetzen, wenn andere Staaten dies nicht tun\u201d unter besonderer Ber\u00fccksichtigung des Schutzes der eigenen Grenzen und der EU-Au\u00dfengrenzen.<\/p>\n<p>\u201cWir sagen nicht, dass alle Einwanderer Terroristen sind\u201d, sagte Szijjarto \u201cAber wir sagen, dass niemand sagen kann, wie viele Terroristen unter den Migranten nach Europa gekommen sind und wie viele weiterhin Tag f\u00fcr Tag ankommen\u201d, sagte Szijjarto.<\/p>\n<p>\u201cEs ist h\u00f6chste Zeit, dass wir uns auf die Realit\u00e4t konzentrieren und nicht auf vage Ideen, denn Europas Menschen m\u00fcssen gesch\u00fctzt werden\u201d, betonte Szijjarto.<\/p>\n<p>Er sagte auch, dass denjenigen, die aus einem vom Krieg heimgesuchten Land fliehen, angemessene Bedingungen in der N\u00e4he ihrer Heimat gew\u00e4hrleistet werden sollten, damit sie zur\u00fcckkehren k\u00f6nnen, sobald der Frieden wiederhergestellt ist \u201eUnsere Aufgabe besteht nicht darin, diesen Menschen neues, europ\u00e4isches Leben zu geben, sondern ihnen zu helfen, ihr altes wiederzugewinnen,\u201cf\u00fcgte Szijjarto hinzu.<\/p>\n","protected":false},"excerpt":{"rendered":"<p>Budapest (MTI) \u201eAktuelle Bemerkungen von Michael Roth \u201ehaben wenig mit der Realit\u00e4t zu tun\u201csagte der ungarische Au\u00dfenminister Peter Szijjarto, nachdem der deutsche Au\u00dfenminister die Europ\u00e4ische Union aufgefordert hatte, die Rechtsstaatlichkeit in Ungarn im Zusammenhang mit Migranten aufrechtzuerhalten. Auch am Dienstag zuvor hatte Roth Europa dazu gedr\u00e4ngt, nach den Terroranschl\u00e4gen vom vergangenen Wochenende in Paris nicht [&hellip;]<\/p>\n","protected":false},"author":2,"featured_media":763343,"comment_status":"open","ping_status":"open","sticky":false,"template":"","format":"standard","meta":{"_acf_changed":false,"_display_image":"","footnotes":""},"categories":[1081],"tags":[1470,1177,1082,1445],"class_list":["post-763342","post","type-post","status-publish","format-standard","has-post-thumbnail","hentry","category-politik","tag-ausenministerium-fur-ungarn","tag-deutschland","tag-europaische-union","tag-migration"],"blocksy_meta":[],"acf":[],"author_username":"alk","telegram_post":"","public_post_metadata":{"breaking_news":"","important":"","csempe":"","center_tile":"","disable_thumbnail":"","target_lang":"","_featured_image_style":"","telegram_post":"","_xlat_group_id":""},"public_rank_math_data":{"title":"%title% %sep% %sitename%","description":"","focus_keyword":"","canonical_url":"","robots":"","primary_category":"1081","breadcrumb_title":"","facebook_title":"","facebook_description":"","facebook_image":"","facebook_image_id":"","twitter_title":"","twitter_description":"","twitter_image":"","twitter_image_id":"","twitter_card_type":"","twitter_use_facebook":"","advanced_robots":"","pillar_content":"","seo_score":"","contentai_score":"","rich_snippet":""},"_links":{"self":[{"href":"https:\/\/dailynewshungary.com\/de\/wp-json\/wp\/v2\/posts\/763342","targetHints":{"allow":["GET"]}}],"collection":[{"href":"https:\/\/dailynewshungary.com\/de\/wp-json\/wp\/v2\/posts"}],"about":[{"href":"https:\/\/dailynewshungary.com\/de\/wp-json\/wp\/v2\/types\/post"}],"author":[{"embeddable":true,"href":"https:\/\/dailynewshungary.com\/de\/wp-json\/wp\/v2\/users\/2"}],"replies":[{"embeddable":true,"href":"https:\/\/dailynewshungary.com\/de\/wp-json\/wp\/v2\/comments?post=763342"}],"version-history":[{"count":0,"href":"https:\/\/dailynewshungary.com\/de\/wp-json\/wp\/v2\/posts\/763342\/revisions"}],"wp:featuredmedia":[{"embeddable":true,"href":"https:\/\/dailynewshungary.com\/de\/wp-json\/wp\/v2\/media\/763343"}],"wp:attachment":[{"href":"https:\/\/dailynewshungary.com\/de\/wp-json\/wp\/v2\/media?parent=763342"}],"wp:term":[{"taxonomy":"category","embeddable":true,"href":"https:\/\/dailynewshungary.com\/de\/wp-json\/wp\/v2\/categories?post=763342"},{"taxonomy":"post_tag","embeddable":true,"href":"https:\/\/dailynewshungary.com\/de\/wp-json\/wp\/v2\/tags?post=763342"}],"curies":[{"name":"wp","href":"https:\/\/api.w.org\/{rel}","templated":true}]}}