{"id":763512,"date":"2015-11-12T10:02:12","date_gmt":"2015-11-12T09:02:12","guid":{"rendered":"https:\/\/dailynewshungary.com\/de\/prasident-eroffnet-st-martin-gedenkjahr\/"},"modified":"2015-11-12T10:02:12","modified_gmt":"2015-11-12T09:02:12","slug":"prasident-eroffnet-st-martin-gedenkjahr","status":"publish","type":"post","link":"https:\/\/dailynewshungary.com\/de\/prasident-eroffnet-st-martin-gedenkjahr\/","title":{"rendered":"Pr\u00e4sident er\u00f6ffnet St. Martin-Gedenkjahr"},"content":{"rendered":"<p><strong>Budapest (MTI) \u201eDie Botschaft des St.-Martin-Gedenkjahres ist, dass das reiche intellektuelle Erbe Ungarns mehr als nur kulturellen Wert hat und auch als moralischer Leitfaden dient, sagte Pr\u00e4sident Janos Ader bei der Er\u00f6ffnung des Gedenkjahres in der Erzabtei Pannonhalma in Westungarn am Mittwoch.<\/strong><\/p>\n<p>Traditionen bieten mehr als nur eine Verbindung zur Vergangenheit; Sie bleiben auch in Zukunft Bezugspunkte, sagte Ader nach einer Messe von Kardinal Peter Erdo, Erzbischof von Esztergom-Budapest.<\/p>\n<p>Ader bemerkte, dass der ungarische Gro\u00dff\u00fcrst Geza die Erzabtei Pannonhalma gr\u00fcndete und sie Ende des zehnten Jahrhunderts dem heiligen Martin widmete, weil \u201cer wusste, dass unser Platz in Europa mehr als nur ein Ort auf der Landkarte war\u201d Geza sah den heiligen Martin als H\u00fcter der christlichen Tugenden.<\/p>\n<p>St Martin f\u00fchrte ein kreatives Leben als Bischof und k\u00e4mpfte f\u00fcr seinen Glauben, sagte Kardinal ErdoMartin trat gegen Aberglauben, Armut, Elend und \u201calle Formen des B\u00f6sen\u201d aufEr war hart, mutig und lebte ein einfaches Leben, eines ganz anders als seine Altersgenossen, sagte Erdo.<\/p>\n<p>Im M\u00e4rz erkl\u00e4rte die Regierung das Jahr 2016 zum St Martin-Gedenkjahr anl\u00e4sslich des 1700-j\u00e4hrigen Geburtstags des legend\u00e4ren Bischofs Martin wurde 316 in der r\u00f6mischen Provinz Pannonia nahe der Stadt Savaria, dem heutigen Szombathely, geboren.<\/p>\n<p>Als Sohn eines wohlhabenden Milit\u00e4rs wurde er mit f\u00fcnfzehn Jahren zur Kavallerie verpflichtet, er lie\u00df sich 339 taufen, seine guten Taten und sein Mitgef\u00fchl und Einf\u00fchlungsverm\u00f6gen f\u00fcr die Armen wurden legend\u00e4r und auf vielfachen Wunsch wurde er 371 zum Bischof von Tours ernannt, der Legende nach lie\u00df sich Martin widerwillig zum Bischof weihen Als Martin den wahren Zweck seiner Vorladung nach Tours erkannte, soll er sich in einer Scheune voller G\u00e4nse versteckt haben, deren hektisches Gackern seinen Aufenthaltsort verraten hatte.<\/p>\n<p><em>Foto: MTI<\/em><\/p>\n","protected":false},"excerpt":{"rendered":"<p>Budapest (MTI) \u201eDie Botschaft des St.-Martin-Gedenkjahres ist, dass das reiche intellektuelle Erbe Ungarns mehr als nur kulturellen Wert hat und auch als moralischer Leitfaden dient, sagte Pr\u00e4sident Janos Ader bei der Er\u00f6ffnung des Gedenkjahres in der Erzabtei Pannonhalma in Westungarn am Mittwoch. Traditionen bieten mehr als nur eine Verbindung zur Vergangenheit; Sie bleiben auch in [&hellip;]<\/p>\n","protected":false},"author":3,"featured_media":763513,"comment_status":"open","ping_status":"open","sticky":false,"template":"","format":"standard","meta":{"_acf_changed":false,"_display_image":"","footnotes":""},"categories":[1151],"tags":[1976,1198,1134],"class_list":["post-763512","post","type-post","status-publish","format-standard","has-post-thumbnail","hentry","category-kulturen","tag-fest","tag-prasident-von-ungarn","tag-religion"],"blocksy_meta":[],"acf":[],"author_username":"becsi","telegram_post":"","public_post_metadata":{"breaking_news":"","important":"","csempe":"","center_tile":"","disable_thumbnail":"","target_lang":"","_featured_image_style":"","telegram_post":"","_xlat_group_id":""},"public_rank_math_data":{"title":"%title% %sep% %sitename%","description":"","focus_keyword":"","canonical_url":"","robots":"","primary_category":"1151","breadcrumb_title":"","facebook_title":"","facebook_description":"","facebook_image":"","facebook_image_id":"","twitter_title":"","twitter_description":"","twitter_image":"","twitter_image_id":"","twitter_card_type":"","twitter_use_facebook":"","advanced_robots":"","pillar_content":"","seo_score":"","contentai_score":"","rich_snippet":""},"_links":{"self":[{"href":"https:\/\/dailynewshungary.com\/de\/wp-json\/wp\/v2\/posts\/763512","targetHints":{"allow":["GET"]}}],"collection":[{"href":"https:\/\/dailynewshungary.com\/de\/wp-json\/wp\/v2\/posts"}],"about":[{"href":"https:\/\/dailynewshungary.com\/de\/wp-json\/wp\/v2\/types\/post"}],"author":[{"embeddable":true,"href":"https:\/\/dailynewshungary.com\/de\/wp-json\/wp\/v2\/users\/3"}],"replies":[{"embeddable":true,"href":"https:\/\/dailynewshungary.com\/de\/wp-json\/wp\/v2\/comments?post=763512"}],"version-history":[{"count":0,"href":"https:\/\/dailynewshungary.com\/de\/wp-json\/wp\/v2\/posts\/763512\/revisions"}],"wp:featuredmedia":[{"embeddable":true,"href":"https:\/\/dailynewshungary.com\/de\/wp-json\/wp\/v2\/media\/763513"}],"wp:attachment":[{"href":"https:\/\/dailynewshungary.com\/de\/wp-json\/wp\/v2\/media?parent=763512"}],"wp:term":[{"taxonomy":"category","embeddable":true,"href":"https:\/\/dailynewshungary.com\/de\/wp-json\/wp\/v2\/categories?post=763512"},{"taxonomy":"post_tag","embeddable":true,"href":"https:\/\/dailynewshungary.com\/de\/wp-json\/wp\/v2\/tags?post=763512"}],"curies":[{"name":"wp","href":"https:\/\/api.w.org\/{rel}","templated":true}]}}