{"id":763518,"date":"2015-11-12T07:10:50","date_gmt":"2015-11-12T06:10:50","guid":{"rendered":"https:\/\/dailynewshungary.com\/de\/varga-co2-quoteneinnahmen-fur-die-entwicklung-der-elektromobilitat\/"},"modified":"2015-11-12T07:10:50","modified_gmt":"2015-11-12T06:10:50","slug":"varga-co2-quoteneinnahmen-fur-die-entwicklung-der-elektromobilitat","status":"publish","type":"post","link":"https:\/\/dailynewshungary.com\/de\/varga-co2-quoteneinnahmen-fur-die-entwicklung-der-elektromobilitat\/","title":{"rendered":"Varga: CO2-Quoteneinnahmen f\u00fcr die Entwicklung der Elektromobilit\u00e4t"},"content":{"rendered":"<p><strong>Budapest (MTI) \u2013 Die Regierung wird die Einnahmen aus Kohlendioxid-Emissionseinheiten vollst\u00e4ndig f\u00fcr den Ausbau der Elektromobilit\u00e4tsinfrastruktur ausgeben, sagte Wirtschaftsminister Mihaly Varga am Mittwoch.<\/strong><\/p>\n<p>Bei der Er\u00f6ffnung des Tages der Elektromobilit\u00e4t am College of Dunaujvaros in Zentralungarn sagte Varga, der k\u00fcrzlich entworfene Jedlik-Anyos-Plan, ein Entwurf f\u00fcr den Regulierungs- und Unterst\u00fctzungsrahmen, der f\u00fcr die Popularisierung der Elektromobilit\u00e4t erforderlich ist, sei der erste seiner Art in Mitteleuropa Der Plan sieht vor, Fahrzeuge mit Verbrennungsmotor durch Plug-in-Hybrid-Elektrofahrzeuge zu ersetzen.<\/p>\n<p>Varga sagte, die Regierung strebe an, bis 2020 54.000 Elektroautos auf den Stra\u00dfen zu haben, was, wie er feststellte, eine Infrastrukturentwicklung erfordereDie Regierung beabsichtigt, eine ausreichende Anzahl von Ladestationen installieren zu lassen, wof\u00fcr sie im aktuellen Haushalt sieben Milliarden Forint (22,5 Mio. EUR) bereitgestellt hat, sagte der Minister.<\/p>\n<p><em>Foto: MTI<\/em><\/p>\n","protected":false},"excerpt":{"rendered":"<p>Budapest (MTI) \u2013 Die Regierung wird die Einnahmen aus Kohlendioxid-Emissionseinheiten vollst\u00e4ndig f\u00fcr den Ausbau der Elektromobilit\u00e4tsinfrastruktur ausgeben, sagte Wirtschaftsminister Mihaly Varga am Mittwoch. Bei der Er\u00f6ffnung des Tages der Elektromobilit\u00e4t am College of Dunaujvaros in Zentralungarn sagte Varga, der k\u00fcrzlich entworfene Jedlik-Anyos-Plan, ein Entwurf f\u00fcr den Regulierungs- und Unterst\u00fctzungsrahmen, der f\u00fcr die Popularisierung der Elektromobilit\u00e4t [&hellip;]<\/p>\n","protected":false},"author":3,"featured_media":763519,"comment_status":"open","ping_status":"open","sticky":false,"template":"","format":"standard","meta":{"_acf_changed":false,"_display_image":"","footnotes":""},"categories":[1281],"tags":[1187,1145,1104],"class_list":["post-763518","post","type-post","status-publish","format-standard","has-post-thumbnail","hentry","category-geschaft","tag-auto","tag-verkehr","tag-wirtschaft"],"blocksy_meta":[],"acf":[],"author_username":"becsi","telegram_post":"","public_post_metadata":{"breaking_news":"","important":"","csempe":"","center_tile":"","disable_thumbnail":"","target_lang":"","_featured_image_style":"","telegram_post":"","_xlat_group_id":""},"public_rank_math_data":{"title":"%title% %sep% %sitename%","description":"","focus_keyword":"","canonical_url":"","robots":"","primary_category":"1281","breadcrumb_title":"","facebook_title":"","facebook_description":"","facebook_image":"","facebook_image_id":"","twitter_title":"","twitter_description":"","twitter_image":"","twitter_image_id":"","twitter_card_type":"","twitter_use_facebook":"","advanced_robots":"","pillar_content":"","seo_score":"","contentai_score":"","rich_snippet":""},"_links":{"self":[{"href":"https:\/\/dailynewshungary.com\/de\/wp-json\/wp\/v2\/posts\/763518","targetHints":{"allow":["GET"]}}],"collection":[{"href":"https:\/\/dailynewshungary.com\/de\/wp-json\/wp\/v2\/posts"}],"about":[{"href":"https:\/\/dailynewshungary.com\/de\/wp-json\/wp\/v2\/types\/post"}],"author":[{"embeddable":true,"href":"https:\/\/dailynewshungary.com\/de\/wp-json\/wp\/v2\/users\/3"}],"replies":[{"embeddable":true,"href":"https:\/\/dailynewshungary.com\/de\/wp-json\/wp\/v2\/comments?post=763518"}],"version-history":[{"count":0,"href":"https:\/\/dailynewshungary.com\/de\/wp-json\/wp\/v2\/posts\/763518\/revisions"}],"wp:featuredmedia":[{"embeddable":true,"href":"https:\/\/dailynewshungary.com\/de\/wp-json\/wp\/v2\/media\/763519"}],"wp:attachment":[{"href":"https:\/\/dailynewshungary.com\/de\/wp-json\/wp\/v2\/media?parent=763518"}],"wp:term":[{"taxonomy":"category","embeddable":true,"href":"https:\/\/dailynewshungary.com\/de\/wp-json\/wp\/v2\/categories?post=763518"},{"taxonomy":"post_tag","embeddable":true,"href":"https:\/\/dailynewshungary.com\/de\/wp-json\/wp\/v2\/tags?post=763518"}],"curies":[{"name":"wp","href":"https:\/\/api.w.org\/{rel}","templated":true}]}}