{"id":763567,"date":"2015-11-10T12:01:20","date_gmt":"2015-11-10T11:01:20","guid":{"rendered":"https:\/\/dailynewshungary.com\/de\/atemberaubende-tricks-eines-ungarischen-springseilkunstlers\/"},"modified":"2015-11-10T12:01:20","modified_gmt":"2015-11-10T11:01:20","slug":"atemberaubende-tricks-eines-ungarischen-springseilkunstlers","status":"publish","type":"post","link":"https:\/\/dailynewshungary.com\/de\/atemberaubende-tricks-eines-ungarischen-springseilkunstlers\/","title":{"rendered":"Atemberaubende Tricks eines ungarischen Springseilk\u00fcnstlers"},"content":{"rendered":"<p><strong>Es begann als Hobby, wurde aber zu einem Lebensstil.Nach 15 Jahren Wettkampf-Sprungseil, in denen sie einen Weltrekord hielt und mehrmals Welt- und Europameisterschaften im Sprungseil gewann, wurde Adrienn B\u00e1nhegyi als K\u00fcnstlerin des Cirque du Soleil ausgew\u00e4hlt. Ihr 2013 in Budapest gedrehtes Video wurde von Millionen Menschen gesehen und sie erh\u00e4lt Anfragen aus der ganzen Welt, ihre Sondershow aufzuf\u00fchren Heutzutage ist es eines ihrer Ziele, ihren Sport in den Bildungsbereichen bekannt zu machen.<\/strong><\/p>\n<p>\u201cMein Vater sah einen Film mit Springseil-M\u00e4dchen, und die Idee kam nach dieser Erfahrung\u201d, sagte Adrienn \u00fcber ihre Anf\u00e4nge bei nemzetisport.hu. \u201cMeine Eltern sind Sonderp\u00e4dagogen und ihr urspr\u00fcngliches Ziel war es, ihren Sch\u00fclern ein billiges, aber n\u00fctzliches Werkzeug zur Verf\u00fcgung zu stellen. Dieser Sport verbessert wirklich die Konzentrationsf\u00e4higkeit und den Zustand. Ihre Idee wurde zu einer au\u00dferschulischen Aktivit\u00e4t, bei der ich und meine Schwester ihnen halfen. Ich war damals etwa 9 Neun Jahre alt. Es begann als Hobby, aber sp\u00e4ter h\u00f6rten wir, dass es in Ungarn einen Verband f\u00fcr diesen Sport gab. Wir traten in einem Team auf, nahmen an einem Wettbewerb teil, bei dem eine amerikanische Formation auftrat und der uns Motivation und Anleitung gab\u201d.<\/p>\n<p>Au\u00dfenstehende denken vielleicht, dass dieser Sport einfach ist, aber das ist nicht der Fall. Man muss Arme und Beine harmonisieren und dabei manchmal h\u00f6her springen als zu anderen Zeiten. Das erfordert einen guten Zustand und eine gute Koordination. Nach ein paar Minuten kann man die Verbrennung sp\u00fcren.<\/p>\n<p><span style=\"color: #0000ff;\"><a style=\"color: #0000ff;\" href=\"http:\/\/www.nemzetisport.hu\/egyeb_egyeni\/triplazva-es-feneken-pattogva-lelegzetelallito-trukkok-a-magyar-ugrokotelestol-2448531\" target=\"_blank\" rel=\"noopener\">Laut nemzetisport.hu<\/a><\/span> Es gibt verschiedene Events bei Wettbewerben und man muss sich auf unterschiedliche Art darauf vorbereiten, wenn es um die Geschwindigkeit geht, muss man seine Ausdauer und Technik trainieren, wenn man frei w\u00e4hlt, was man vortr\u00e4gt, geht es vor allem um die Harmonie des Teams mit der Musik, wie viel Platz und technische Elemente sie nutzen Das bedeutet 4-5 Stunden langes Training\/Tag.<\/p>\n<p>\u201cWir halten den Speed-Word-Rekord mit der ungarischen NationalmannschaftMein Einzelrekord wurde letzte Woche leider nach acht Jahren gebrochen, diesen Rekord habe ich in D\u00e4nemark bei der Europameisterschaft in der Zeit erreicht, in der die Konkurrenten dreimal in einem Sprung das Seil \u00fcberqueren Das geht so lange, bis jemand einen Fehler macht oder m\u00fcde wirdMein Rekord lag bei 330, dieser wurde um 40 gebrochenIch denke dar\u00fcber nach, meinen Rekord zur\u00fcckgewinnen zu wollen\u201d<\/p>\n<p>Im Vergleich zu anderen Akrobaten sind sie weniger Gefahren und Verletzungen ausgesetzt. Die h\u00e4ufigste Verletzung ist eine Entz\u00fcndung der Achillessehne, daher ist die Oberfl\u00e4che, auf die sie springen, sehr wichtig.<br \/>\nSie hat vor 10 Jahren Kontakt zum Cirque du Soleil aufgenommen und trat in vielen ihrer Shows auf, ihre Schwester Kata tourt immer noch mit ihnen, seit Adrienn nicht mehr an Wettk\u00e4mpfen teilnimmt, tritt sie auf der ganzen Welt auf Eine ihrer ganz besonderen Erfahrungen ist, dass sie letzten Februar mit ihrer Schwester beim Karneval von Rio auftreten durfteSie sagt, dass sie immer die schnellste Reaktion von Kindern bekommt.<\/p>\n<p>Ihr Lieblingstrick ist, wenn sie w\u00e4hrend eines Tricks das Seil losl\u00e4sst und es wieder in ihre Hand dreht. Es ist eine ziemliche Herausforderung.<\/p>\n<p>Etwas, das ihr am Herzen liegt, ist das Programm Seile f\u00fcr Hoffnungen, in dem sie Kindern helfen und sie unterrichten Sie stellt fest, dass die Menschen in Ungarn immer offener daf\u00fcr sind, Springseil-Trainings in Schulen zu bringen.<\/p>\n<p>Adrienn zu ihren Zukunftspl\u00e4nen: \u201cSeilsprungtrainings arbeiteten mit Kindern, die eine Sonderp\u00e4dagogik ben\u00f6tigen; sie haben es geschafft, ihre Bildungsziele zu erreichenEs w\u00fcrde Besch\u00e4ftigungsm\u00f6glichkeit bedeuten, wenn es uns gelingen w\u00fcrde, das Seilspringen in europ\u00e4ischen Schulen zu verbreitenIch arbeite in der Fitness und sehe, dass Seilsprungklassen nicht Teil der Zeitpl\u00e4ne sind und das will ich auch \u00e4ndern Eine Agentur bildet sich, die jungen Talenten, die den Weg in die Unterhaltungsindustrie wollen, helfen sollUnser Ziel ist es, M\u00f6glichkeiten f\u00fcr die n\u00e4chste Generation zu schaffen, die nicht viele von uns hatten\u201d<\/p>\n<p><strong>Verwandter Artikel:<\/strong><br \/>\n<span style=\"color: #0000ff;\"><a style=\"color: #0000ff;\" href=\"https:\/\/dailynewshungary.com\/worlds-best-jump-roper-from-hungary-interview-video\/\" target=\"_blank\">DER BESTE SPRUNGBETREIBER DER WELT AUS UNGARN &amp; VIDEO<\/a><\/span><br \/>\n<span style=\"color: #0000ff;\"><a style=\"color: #0000ff;\" href=\"https:\/\/dailynewshungary.com\/de\/berlin-aktivieren-ungarische-sportlerinnen-zeigen-ihr-talent-in-der-deutschen-hauptstadt-video\/\" target=\"_blank\">BERLIN AKTIVIEREN: UNGARISCHE SPORTLERINNEN ZEIGEN IHR TALENT IN DER DEUTSCHEN HAUPTSTADT \u2013 VIDEO<\/a><\/span><\/p>\n<p><em>\u00dcbersetzt von Alexandra B\u00e9ni<\/em><\/p>\n<p><em>Foto: JACQ Fot\u00f3&amp;Fitnesz St\u00fadi\u00f3<\/em><\/p>\n","protected":false},"excerpt":{"rendered":"<p>Es begann als Hobby, wurde aber zu einem Lebensstil.Nach 15 Jahren Wettkampf-Sprungseil, in denen sie einen Weltrekord hielt und mehrmals Welt- und Europameisterschaften im Sprungseil gewann, wurde Adrienn B\u00e1nhegyi als K\u00fcnstlerin des Cirque du Soleil ausgew\u00e4hlt. Ihr 2013 in Budapest gedrehtes Video wurde von Millionen Menschen gesehen und sie erh\u00e4lt Anfragen aus der ganzen Welt, [&hellip;]<\/p>\n","protected":false},"author":2,"featured_media":763568,"comment_status":"open","ping_status":"open","sticky":false,"template":"","format":"standard","meta":{"_acf_changed":false,"_display_image":"","footnotes":""},"categories":[1219],"tags":[1066],"class_list":["post-763567","post","type-post","status-publish","format-standard","has-post-thumbnail","hentry","category-sport","tag-hungary"],"blocksy_meta":[],"acf":[],"author_username":"alk","telegram_post":"","public_post_metadata":{"breaking_news":"","important":"","csempe":"","center_tile":"","disable_thumbnail":"","target_lang":"","_featured_image_style":"","telegram_post":"","_xlat_group_id":""},"public_rank_math_data":{"title":"%title% %sep% %sitename%","description":"","focus_keyword":"","canonical_url":"","robots":"","primary_category":"1219","breadcrumb_title":"","facebook_title":"","facebook_description":"","facebook_image":"","facebook_image_id":"","twitter_title":"","twitter_description":"","twitter_image":"","twitter_image_id":"","twitter_card_type":"","twitter_use_facebook":"","advanced_robots":"","pillar_content":"","seo_score":"","contentai_score":"","rich_snippet":""},"_links":{"self":[{"href":"https:\/\/dailynewshungary.com\/de\/wp-json\/wp\/v2\/posts\/763567","targetHints":{"allow":["GET"]}}],"collection":[{"href":"https:\/\/dailynewshungary.com\/de\/wp-json\/wp\/v2\/posts"}],"about":[{"href":"https:\/\/dailynewshungary.com\/de\/wp-json\/wp\/v2\/types\/post"}],"author":[{"embeddable":true,"href":"https:\/\/dailynewshungary.com\/de\/wp-json\/wp\/v2\/users\/2"}],"replies":[{"embeddable":true,"href":"https:\/\/dailynewshungary.com\/de\/wp-json\/wp\/v2\/comments?post=763567"}],"version-history":[{"count":0,"href":"https:\/\/dailynewshungary.com\/de\/wp-json\/wp\/v2\/posts\/763567\/revisions"}],"wp:featuredmedia":[{"embeddable":true,"href":"https:\/\/dailynewshungary.com\/de\/wp-json\/wp\/v2\/media\/763568"}],"wp:attachment":[{"href":"https:\/\/dailynewshungary.com\/de\/wp-json\/wp\/v2\/media?parent=763567"}],"wp:term":[{"taxonomy":"category","embeddable":true,"href":"https:\/\/dailynewshungary.com\/de\/wp-json\/wp\/v2\/categories?post=763567"},{"taxonomy":"post_tag","embeddable":true,"href":"https:\/\/dailynewshungary.com\/de\/wp-json\/wp\/v2\/tags?post=763567"}],"curies":[{"name":"wp","href":"https:\/\/api.w.org\/{rel}","templated":true}]}}