{"id":763758,"date":"2015-11-03T23:11:26","date_gmt":"2015-11-03T22:11:26","guid":{"rendered":"https:\/\/dailynewshungary.com\/de\/am-mittwoch-eroffnet-das-world-science-forum-in-budapest\/"},"modified":"2015-11-03T23:11:26","modified_gmt":"2015-11-03T22:11:26","slug":"am-mittwoch-eroffnet-das-world-science-forum-in-budapest","status":"publish","type":"post","link":"https:\/\/dailynewshungary.com\/de\/am-mittwoch-eroffnet-das-world-science-forum-in-budapest\/","title":{"rendered":"Am Mittwoch er\u00f6ffnet das World Science Forum in Budapest"},"content":{"rendered":"<p><strong>Budapest, 3. November (MTI) \u2013 Die Konferenz des World Science Forum (WSF) findet vom 4. bis 7. November in Budapest statt und bringt Vertreter aus \u00fcber 100 L\u00e4ndern zusammen.<\/strong><\/p>\n<p>Die alle zwei Jahre stattfindende Veranstaltung wurde erstmals 1999 unter dem Namen Weltkonferenz f\u00fcr Wissenschaft in Budapest organisiert. Nach der Veranstaltung 2013 in Rio de Janeiro kehrt sie zum sechsten Mal in die ungarische Hauptstadt zur\u00fcck und wird von der Ungarischen Akademie der Wissenschaften ausgerichtet.<\/p>\n<p>Das wissenschaftliche Forum ist die einzige internationale Veranstaltung dieser Art, die Vertretern verschiedener Wissenschaften die M\u00f6glichkeit gibt, im institutionellen Rahmen mit Mitgliedern der Gesellschaft und politischen Entscheidungstr\u00e4gern in den Dialog zu treten.<\/p>\n<p>Themen auf der Agenda der Budapester Konferenz sind die internationale Zusammenarbeit bei der Bek\u00e4mpfung des Klimawandels und von Naturkatastrophen, der j\u00fcngsten Epidemien und der von ihnen ausgehenden globalen Gesundheitsgefahren.<\/p>\n<p>Ein spezielles Panel wird sich am ersten Tag der Konferenz ausschlie\u00dflich dem Thema globale Migration widmen.<\/p>\n<p>Das Forum wird eine Videoansprache von UN-Generalsekret\u00e4r Ban Ki-Moon pr\u00e4sentieren. Die Konferenz endet mit einer Plenarsitzung im Parlament am Samstag, zu der Pr\u00e4sident Janos Ader und UNESCO-Chefin Irina Bokova sprechen werden.<\/p>\n","protected":false},"excerpt":{"rendered":"<p>Budapest, 3. November (MTI) \u2013 Die Konferenz des World Science Forum (WSF) findet vom 4. bis 7. November in Budapest statt und bringt Vertreter aus \u00fcber 100 L\u00e4ndern zusammen. Die alle zwei Jahre stattfindende Veranstaltung wurde erstmals 1999 unter dem Namen Weltkonferenz f\u00fcr Wissenschaft in Budapest organisiert. Nach der Veranstaltung 2013 in Rio de Janeiro [&hellip;]<\/p>\n","protected":false},"author":2,"featured_media":763759,"comment_status":"open","ping_status":"open","sticky":false,"template":"","format":"standard","meta":{"_acf_changed":false,"_display_image":"","footnotes":""},"categories":[1098],"tags":[1066],"class_list":["post-763758","post","type-post","status-publish","format-standard","has-post-thumbnail","hentry","category-gesellschaft","tag-hungary"],"blocksy_meta":[],"acf":[],"author_username":"alk","telegram_post":"","public_post_metadata":{"breaking_news":"","important":"","csempe":"","center_tile":"","disable_thumbnail":"","target_lang":"","_featured_image_style":"","telegram_post":"","_xlat_group_id":""},"public_rank_math_data":{"title":"%title% %sep% %sitename%","description":"","focus_keyword":"","canonical_url":"","robots":"","primary_category":"1098","breadcrumb_title":"","facebook_title":"","facebook_description":"","facebook_image":"","facebook_image_id":"","twitter_title":"","twitter_description":"","twitter_image":"","twitter_image_id":"","twitter_card_type":"","twitter_use_facebook":"","advanced_robots":"","pillar_content":"","seo_score":"","contentai_score":"","rich_snippet":""},"_links":{"self":[{"href":"https:\/\/dailynewshungary.com\/de\/wp-json\/wp\/v2\/posts\/763758","targetHints":{"allow":["GET"]}}],"collection":[{"href":"https:\/\/dailynewshungary.com\/de\/wp-json\/wp\/v2\/posts"}],"about":[{"href":"https:\/\/dailynewshungary.com\/de\/wp-json\/wp\/v2\/types\/post"}],"author":[{"embeddable":true,"href":"https:\/\/dailynewshungary.com\/de\/wp-json\/wp\/v2\/users\/2"}],"replies":[{"embeddable":true,"href":"https:\/\/dailynewshungary.com\/de\/wp-json\/wp\/v2\/comments?post=763758"}],"version-history":[{"count":0,"href":"https:\/\/dailynewshungary.com\/de\/wp-json\/wp\/v2\/posts\/763758\/revisions"}],"wp:featuredmedia":[{"embeddable":true,"href":"https:\/\/dailynewshungary.com\/de\/wp-json\/wp\/v2\/media\/763759"}],"wp:attachment":[{"href":"https:\/\/dailynewshungary.com\/de\/wp-json\/wp\/v2\/media?parent=763758"}],"wp:term":[{"taxonomy":"category","embeddable":true,"href":"https:\/\/dailynewshungary.com\/de\/wp-json\/wp\/v2\/categories?post=763758"},{"taxonomy":"post_tag","embeddable":true,"href":"https:\/\/dailynewshungary.com\/de\/wp-json\/wp\/v2\/tags?post=763758"}],"curies":[{"name":"wp","href":"https:\/\/api.w.org\/{rel}","templated":true}]}}