{"id":763838,"date":"2015-11-01T20:01:25","date_gmt":"2015-11-01T19:01:25","guid":{"rendered":"https:\/\/dailynewshungary.com\/de\/ungarn-kann-den-vertrieb-von-gvo-produkten-nicht-verbieten\/"},"modified":"2015-11-01T20:01:25","modified_gmt":"2015-11-01T19:01:25","slug":"ungarn-kann-den-vertrieb-von-gvo-produkten-nicht-verbieten","status":"publish","type":"post","link":"https:\/\/dailynewshungary.com\/de\/ungarn-kann-den-vertrieb-von-gvo-produkten-nicht-verbieten\/","title":{"rendered":"Ungarn kann den Vertrieb von GVO-Produkten nicht verbieten"},"content":{"rendered":"<p><strong>Am Mittwoch lehnte das Plenum des Europ\u00e4ischen Parlaments den Vorschlag mit \u00fcberw\u00e4ltigender Mehrheit ab, wonach die Mitgliedstaaten den Vertrieb und die Verwendung von GVO-Pflanzen in ihren eigenen Territorien h\u00e4tten verbieten k\u00f6nnen, schrieb origo.hu.<\/strong><\/p>\n<p>Nach Ansicht des Charimans des EP-Umweltausschusses ist der Vorschlag mit dem Gemeinsamen Markt unvereinbar und nicht durchf\u00fchrbar, Er sagte, w\u00e4hrend die Produktion an das Land gekoppelt sei, k\u00f6nne das Vermarktungsverbot kaum durchgesetzt werden, da die Waren ohne Schwierigkeiten \u00fcberall hin transportiert werden k\u00f6nnten, weil es keine Grenzen gebe Giovanni La Via erkl\u00e4rte auch, dass die EU-Landwirtschaft stark auf Proteine angewiesen sei, die aus gentechnisch ver\u00e4nderten Quellen stammen.<\/p>\n<p><strong>Es gab keine Wirkungsstudie<\/strong><\/p>\n<p>Nach Ansicht des Vorsitzenden des Umweltausschusses hat die Europ\u00e4ische Kommission, die den Vorschlag vorgelegt hat, keine Folgenabsch\u00e4tzungen durchgef\u00fchrt, die zu erwartenden Folgen nicht bewertet Die Kommission hat den Vorschlag im April vorgelegt, nachdem die Regel in Kraft getreten ist, die es den Mitgliedstaaten erm\u00f6glicht, im Falle des \u00f6ffentlichen Anbaus gesondert zu entscheiden (ob sie den \u00f6ffentlichen Anbau von bereits auf EU-Ebene zugelassenen GV-Pflanzen zulassen).<\/p>\n<p>Nach Ansicht der Br\u00fcsseler Beh\u00f6rde sollte dies im Rahmen der Nutzungs- und Vertriebsbedingungen geschehen, damit sie den Gesetzesentwurf nicht zur\u00fcckzieht, schrieb origo.hu.<\/p>\n<p>Mit der Ablehnung des Vorschlags kann das EP allein die Initiative nicht zunichte machen Der Vorschlag des Ausschusses wird v\u00f6llig scheitern, wenn der aus den Mitgliedstaaten zusammengesetzte Ministerrat ihn ebenfalls ablehnt.<\/p>\n<p>In Ungarn sieht das Grundgesetz vor, dass der Staat das Recht auf k\u00f6rperliche und geistige Gesundheit unter anderem durch eine gentechnikfreie Landwirtschaft erleichtert.<\/p>\n<p><em>Auf Grund des Artikels des <span style=\"color: #3366ff;\"><a style=\"color: #3366ff;\" href=\"http:\/\/www.origo.hu\/gazdasag\/20151028-magyarorszag-se-tilthatja-meg-a-gmo-termekek-forgalmazasat.html\" target=\"_blank\" rel=\"noopener\">origo.hu<\/a><\/span><br \/>\n\u00dcbersetzt von B.A<\/em><\/p>\n<p><em>Foto:<span style=\"color: #3366ff;\">&nbsp;<a style=\"color: #3366ff;\" href=\"http:\/\/www.funkydiva.pl\/wp-content\/uploads\/2013\/02\/gmo-1.jpg\" target=\"_blank\" rel=\"noopener\">http:\/\/www.funkydiva.pl<\/a><\/span><\/em><\/p>\n","protected":false},"excerpt":{"rendered":"<p>Am Mittwoch lehnte das Plenum des Europ\u00e4ischen Parlaments den Vorschlag mit \u00fcberw\u00e4ltigender Mehrheit ab, wonach die Mitgliedstaaten den Vertrieb und die Verwendung von GVO-Pflanzen in ihren eigenen Territorien h\u00e4tten verbieten k\u00f6nnen, schrieb origo.hu. Nach Ansicht des Charimans des EP-Umweltausschusses ist der Vorschlag mit dem Gemeinsamen Markt unvereinbar und nicht durchf\u00fchrbar, Er sagte, w\u00e4hrend die Produktion [&hellip;]<\/p>\n","protected":false},"author":3,"featured_media":763839,"comment_status":"open","ping_status":"open","sticky":false,"template":"","format":"standard","meta":{"_acf_changed":false,"_display_image":"","footnotes":""},"categories":[1281],"tags":[1605,1426,1082,1423],"class_list":["post-763838","post","type-post","status-publish","format-standard","has-post-thumbnail","hentry","category-geschaft","tag-ernahrung","tag-europaische-kommission","tag-europaische-union","tag-recht"],"blocksy_meta":[],"acf":[],"author_username":"becsi","telegram_post":"","public_post_metadata":{"breaking_news":"","important":"","csempe":"","center_tile":"","disable_thumbnail":"","target_lang":"","_featured_image_style":"","telegram_post":"","_xlat_group_id":""},"public_rank_math_data":{"title":"%title% %sep% %sitename%","description":"","focus_keyword":"","canonical_url":"","robots":"","primary_category":"1281","breadcrumb_title":"","facebook_title":"","facebook_description":"","facebook_image":"","facebook_image_id":"","twitter_title":"","twitter_description":"","twitter_image":"","twitter_image_id":"","twitter_card_type":"","twitter_use_facebook":"","advanced_robots":"","pillar_content":"","seo_score":"","contentai_score":"","rich_snippet":""},"_links":{"self":[{"href":"https:\/\/dailynewshungary.com\/de\/wp-json\/wp\/v2\/posts\/763838","targetHints":{"allow":["GET"]}}],"collection":[{"href":"https:\/\/dailynewshungary.com\/de\/wp-json\/wp\/v2\/posts"}],"about":[{"href":"https:\/\/dailynewshungary.com\/de\/wp-json\/wp\/v2\/types\/post"}],"author":[{"embeddable":true,"href":"https:\/\/dailynewshungary.com\/de\/wp-json\/wp\/v2\/users\/3"}],"replies":[{"embeddable":true,"href":"https:\/\/dailynewshungary.com\/de\/wp-json\/wp\/v2\/comments?post=763838"}],"version-history":[{"count":0,"href":"https:\/\/dailynewshungary.com\/de\/wp-json\/wp\/v2\/posts\/763838\/revisions"}],"wp:featuredmedia":[{"embeddable":true,"href":"https:\/\/dailynewshungary.com\/de\/wp-json\/wp\/v2\/media\/763839"}],"wp:attachment":[{"href":"https:\/\/dailynewshungary.com\/de\/wp-json\/wp\/v2\/media?parent=763838"}],"wp:term":[{"taxonomy":"category","embeddable":true,"href":"https:\/\/dailynewshungary.com\/de\/wp-json\/wp\/v2\/categories?post=763838"},{"taxonomy":"post_tag","embeddable":true,"href":"https:\/\/dailynewshungary.com\/de\/wp-json\/wp\/v2\/tags?post=763838"}],"curies":[{"name":"wp","href":"https:\/\/api.w.org\/{rel}","templated":true}]}}