{"id":763858,"date":"2015-11-01T10:28:05","date_gmt":"2015-11-01T09:28:05","guid":{"rendered":"https:\/\/dailynewshungary.com\/de\/ungarn-benennt-den-ersten-kader-fur-die-play-offs-zur-euro-2016-gegen-norwegen\/"},"modified":"2015-11-01T10:28:05","modified_gmt":"2015-11-01T09:28:05","slug":"ungarn-benennt-den-ersten-kader-fur-die-play-offs-zur-euro-2016-gegen-norwegen","status":"publish","type":"post","link":"https:\/\/dailynewshungary.com\/de\/ungarn-benennt-den-ersten-kader-fur-die-play-offs-zur-euro-2016-gegen-norwegen\/","title":{"rendered":"Ungarn benennt den ersten Kader f\u00fcr die Play-offs zur EURO 2016 gegen Norwegen"},"content":{"rendered":"<p><strong>Der Cheftrainer der Herren-Nationalmannschaft, Bernd Storck, hat seinen ersten 36-k\u00f6pfigen Kader f\u00fcr die beiden Play-off-Spiele der UEFA-Europameisterschaft gegen Norwegen im n\u00e4chsten Monat benannt. Das Ausw\u00e4rtsspiel findet zuerst am 12. November in Oslo statt, das Heimspiel folgt drei Tage sp\u00e4ter am 15. November in der Groupama Ar\u00e9na, Budapest.<\/strong><\/p>\n<h6>Der Kader in voller L\u00e4nge<\/h6>\n<p><strong>Torh\u00fcter:<\/strong><\/p>\n<p>Kir\u00e1ly G\u00e1bor (Szombathelyi Swietelsky Halad\u00e1s)<br \/>\nDibusz D\u00e9nes (Ferencv\u00e1ros)<br \/>\nBogd\u00e1n \u00c1d\u00e1m (Liverpool)<br \/>\nNagy Gergely (Vasas FC)<br \/>\nMegyeri Bal\u00e1zs (Getafe CF)<\/p>\n<p><strong>Verteidiger:<\/strong><\/p>\n<p>Fiola Attila (Pusk\u00e1s Akad\u00e9mie)<br \/>\nBotka Endre (Budapest Honv\u00e9d)<br \/>\nJuh\u00e1sz Roland (Videoton FC)<br \/>\nVancz\u00e1k Vilmos (FC Sion)<br \/>\nPinter \u00c1d\u00e1m (Ferencv\u00e1ros)<br \/>\nK\u00e1d\u00e1r Tam\u00e1s (Lech Posen)<br \/>\nGuzmics Rich\u00e1rd (Wisla Krakau)<br \/>\nLang \u00c1d\u00e1m (Videoton FC)<br \/>\nLeandro (Ferencv\u00e1ros)<br \/>\nBosnjak Predrag (Szombathelyi Swietelsky Halad\u00e1s)<br \/>\nKorhut Mih\u00e1ly (DVSC-Teva)<\/p>\n<p><strong>Mittelfeldspieler:<\/strong><\/p>\n<p>Nagy \u00c1d\u00e1m (Ferencv\u00e1ros)<br \/>\nM\u00e1rkv\u00e1rt D\u00e1vid (Pusk\u00e1s Akad\u00e9mie)<br \/>\nElek \u00c1kos (Changchun Yatai)<br \/>\nKleinheisler L\u00e1szl\u00f3 (Videoton FC)<br \/>\nGera Zolt\u00e1n (Ferencv\u00e1ros)<br \/>\nKalm\u00e1r Zsolt (RB Leipzig)<br \/>\nKov\u00e1cs Istv\u00e1n (Videoton FC)<\/p>\n<p><strong>Vorw\u00e4rts:<\/strong><\/p>\n<p>Lovrencsics Gerg  (Lech Posen)<br \/>\nB\u00f3di \u00c1d\u00e1m (DVSC-Teva)<br \/>\nGyurcs\u00f3 \u00c1d\u00e1m (Videoton FC)<br \/>\nVarga Roland (Ferencv\u00e1ros)<br \/>\nStieber Zolt\u00e1n (Hamburger SV)<br \/>\nB\u00f6de D\u00e1niel (Ferencv\u00e1ros)<br \/>\nPriskin Tam\u00e1s (Slovaner Bratislava)<br \/>\nNikolics Nemanja (Legia Warschau)<br \/>\nSzalai \u00c1d\u00e1m (TSG Hoffenheim)<br \/>\nDzsudzsamk Bal\u00e1zs (Bursaspor)<br \/>\nN\u00e9meth Kriszti\u00e1n (Sport in Kansas City)<br \/>\nSallai Roland (Pusk\u00e1s Akademia)<br \/>\nPek\u00e1r L\u00e1szl\u00f3 (Pusk\u00e1s Akad\u00e9mie)<\/p>\n","protected":false},"excerpt":{"rendered":"<p>Der Cheftrainer der Herren-Nationalmannschaft, Bernd Storck, hat seinen ersten 36-k\u00f6pfigen Kader f\u00fcr die beiden Play-off-Spiele der UEFA-Europameisterschaft gegen Norwegen im n\u00e4chsten Monat benannt. Das Ausw\u00e4rtsspiel findet zuerst am 12. November in Oslo statt, das Heimspiel folgt drei Tage sp\u00e4ter am 15. November in der Groupama Ar\u00e9na, Budapest. Der Kader in voller L\u00e4nge Torh\u00fcter: Kir\u00e1ly G\u00e1bor [&hellip;]<\/p>\n","protected":false},"author":2,"featured_media":763859,"comment_status":"open","ping_status":"open","sticky":false,"template":"","format":"standard","meta":{"_acf_changed":false,"_display_image":"","footnotes":""},"categories":[1219],"tags":[1066],"class_list":["post-763858","post","type-post","status-publish","format-standard","has-post-thumbnail","hentry","category-sport","tag-hungary"],"blocksy_meta":[],"acf":[],"author_username":"alk","telegram_post":"","public_post_metadata":{"breaking_news":"","important":"","csempe":"","center_tile":"","disable_thumbnail":"","target_lang":"","_featured_image_style":"","telegram_post":"","_xlat_group_id":""},"public_rank_math_data":{"title":"%title% %sep% %sitename%","description":"","focus_keyword":"","canonical_url":"","robots":"","primary_category":"1219","breadcrumb_title":"","facebook_title":"","facebook_description":"","facebook_image":"","facebook_image_id":"","twitter_title":"","twitter_description":"","twitter_image":"","twitter_image_id":"","twitter_card_type":"","twitter_use_facebook":"","advanced_robots":"","pillar_content":"","seo_score":"","contentai_score":"","rich_snippet":""},"_links":{"self":[{"href":"https:\/\/dailynewshungary.com\/de\/wp-json\/wp\/v2\/posts\/763858","targetHints":{"allow":["GET"]}}],"collection":[{"href":"https:\/\/dailynewshungary.com\/de\/wp-json\/wp\/v2\/posts"}],"about":[{"href":"https:\/\/dailynewshungary.com\/de\/wp-json\/wp\/v2\/types\/post"}],"author":[{"embeddable":true,"href":"https:\/\/dailynewshungary.com\/de\/wp-json\/wp\/v2\/users\/2"}],"replies":[{"embeddable":true,"href":"https:\/\/dailynewshungary.com\/de\/wp-json\/wp\/v2\/comments?post=763858"}],"version-history":[{"count":0,"href":"https:\/\/dailynewshungary.com\/de\/wp-json\/wp\/v2\/posts\/763858\/revisions"}],"wp:featuredmedia":[{"embeddable":true,"href":"https:\/\/dailynewshungary.com\/de\/wp-json\/wp\/v2\/media\/763859"}],"wp:attachment":[{"href":"https:\/\/dailynewshungary.com\/de\/wp-json\/wp\/v2\/media?parent=763858"}],"wp:term":[{"taxonomy":"category","embeddable":true,"href":"https:\/\/dailynewshungary.com\/de\/wp-json\/wp\/v2\/categories?post=763858"},{"taxonomy":"post_tag","embeddable":true,"href":"https:\/\/dailynewshungary.com\/de\/wp-json\/wp\/v2\/tags?post=763858"}],"curies":[{"name":"wp","href":"https:\/\/api.w.org\/{rel}","templated":true}]}}