{"id":763898,"date":"2015-10-30T15:43:38","date_gmt":"2015-10-30T14:43:38","guid":{"rendered":"https:\/\/dailynewshungary.com\/de\/imker-demonstrieren-gegen-falschungen\/"},"modified":"2015-10-30T15:43:38","modified_gmt":"2015-10-30T14:43:38","slug":"imker-demonstrieren-gegen-falschungen","status":"publish","type":"post","link":"https:\/\/dailynewshungary.com\/de\/imker-demonstrieren-gegen-falschungen\/","title":{"rendered":"Imker demonstrieren gegen F\u00e4lschungen"},"content":{"rendered":"<p><strong>Budapest, 30. Oktober (MTI) \u2013 Beekepers veranstaltete am Freitag in Budapest eine Demonstration gegen verf\u00e4lschte Honigprodukte auf dem Markt. <\/strong><\/p>\n<p>Die Demonstration sei zur Unterst\u00fctzung einer zeitgleichen Demonstration in Br\u00fcssel, bei der europ\u00e4ische Imker auf die negativen Auswirkungen von F\u00e4lschungen aufmerksam machten, sagte Laszlo Meszaros, der Chef des ungarischen Imkerverbandes, auf einer PressekonferenzEr mahnte zu Hilfe in Form der Aufkl\u00e4rung der Verbraucher \u00fcber gef\u00e4lschten Honig und des Vorgehens gegen die T\u00e4ter.<\/p>\n<p>Die Einfuhr von verf\u00e4lschtem Honig in die EU um Zehntausende Tonnen pro Jahr schadete ihrem Handel, sagten die Organisatoren der Demonstration in Br\u00fcssel in einer Erkl\u00e4rung. Leider tragen EU-Vorschriften dazu bei, die F\u00e4lschung zu verschleiern, indem sie zulassen, dass der Ursprung auf gemischten Honigen vage gekennzeichnet wird, hei\u00dft es in der Erkl\u00e4rung.<\/p>\n","protected":false},"excerpt":{"rendered":"<p>Budapest, 30. Oktober (MTI) \u2013 Beekepers veranstaltete am Freitag in Budapest eine Demonstration gegen verf\u00e4lschte Honigprodukte auf dem Markt. Die Demonstration sei zur Unterst\u00fctzung einer zeitgleichen Demonstration in Br\u00fcssel, bei der europ\u00e4ische Imker auf die negativen Auswirkungen von F\u00e4lschungen aufmerksam machten, sagte Laszlo Meszaros, der Chef des ungarischen Imkerverbandes, auf einer PressekonferenzEr mahnte zu Hilfe [&hellip;]<\/p>\n","protected":false},"author":2,"featured_media":763899,"comment_status":"open","ping_status":"open","sticky":false,"template":"","format":"standard","meta":{"_acf_changed":false,"_display_image":"","footnotes":""},"categories":[1281],"tags":[1066],"class_list":["post-763898","post","type-post","status-publish","format-standard","has-post-thumbnail","hentry","category-geschaft","tag-hungary"],"blocksy_meta":[],"acf":[],"author_username":"alk","telegram_post":"","public_post_metadata":{"breaking_news":"","important":"","csempe":"","center_tile":"","disable_thumbnail":"","target_lang":"","_featured_image_style":"","telegram_post":"","_xlat_group_id":""},"public_rank_math_data":{"title":"%title% %sep% %sitename%","description":"","focus_keyword":"","canonical_url":"","robots":"","primary_category":"1281","breadcrumb_title":"","facebook_title":"","facebook_description":"","facebook_image":"","facebook_image_id":"","twitter_title":"","twitter_description":"","twitter_image":"","twitter_image_id":"","twitter_card_type":"","twitter_use_facebook":"","advanced_robots":"","pillar_content":"","seo_score":"","contentai_score":"","rich_snippet":""},"_links":{"self":[{"href":"https:\/\/dailynewshungary.com\/de\/wp-json\/wp\/v2\/posts\/763898","targetHints":{"allow":["GET"]}}],"collection":[{"href":"https:\/\/dailynewshungary.com\/de\/wp-json\/wp\/v2\/posts"}],"about":[{"href":"https:\/\/dailynewshungary.com\/de\/wp-json\/wp\/v2\/types\/post"}],"author":[{"embeddable":true,"href":"https:\/\/dailynewshungary.com\/de\/wp-json\/wp\/v2\/users\/2"}],"replies":[{"embeddable":true,"href":"https:\/\/dailynewshungary.com\/de\/wp-json\/wp\/v2\/comments?post=763898"}],"version-history":[{"count":0,"href":"https:\/\/dailynewshungary.com\/de\/wp-json\/wp\/v2\/posts\/763898\/revisions"}],"wp:featuredmedia":[{"embeddable":true,"href":"https:\/\/dailynewshungary.com\/de\/wp-json\/wp\/v2\/media\/763899"}],"wp:attachment":[{"href":"https:\/\/dailynewshungary.com\/de\/wp-json\/wp\/v2\/media?parent=763898"}],"wp:term":[{"taxonomy":"category","embeddable":true,"href":"https:\/\/dailynewshungary.com\/de\/wp-json\/wp\/v2\/categories?post=763898"},{"taxonomy":"post_tag","embeddable":true,"href":"https:\/\/dailynewshungary.com\/de\/wp-json\/wp\/v2\/tags?post=763898"}],"curies":[{"name":"wp","href":"https:\/\/api.w.org\/{rel}","templated":true}]}}