{"id":763900,"date":"2015-10-30T15:31:23","date_gmt":"2015-10-30T14:31:23","guid":{"rendered":"https:\/\/dailynewshungary.com\/de\/ungarn-musse-den-dialog-mit-dem-westen-halten-sagt-staatssekretar-in-kopenhagen\/"},"modified":"2015-10-30T15:31:23","modified_gmt":"2015-10-30T14:31:23","slug":"ungarn-musse-den-dialog-mit-dem-westen-halten-sagt-staatssekretar-in-kopenhagen","status":"publish","type":"post","link":"https:\/\/dailynewshungary.com\/de\/ungarn-musse-den-dialog-mit-dem-westen-halten-sagt-staatssekretar-in-kopenhagen\/","title":{"rendered":"Ungarn m\u00fcsse den Dialog mit dem Westen halten, sagt Staatssekret\u00e4r in Kopenhagen"},"content":{"rendered":"<p><strong>Kopenhagen, 30. Oktober (MTI) \u2013 W\u00e4hrend Ungarn sich nach Osten und S\u00fcden \u00f6ffnet, einschlie\u00dflich Lateinamerika und Afrika, muss es in seiner wirtschaftlichen Au\u00dfenpolitik im Dialog mit dem Westen bleiben, sagte der Staatssekret\u00e4r f\u00fcr wirtschaftliche Diplomatie am Freitag nach Gespr\u00e4chen in Kopenhagen.<\/strong><\/p>\n<p>Levente Magyar stellte fest, dass die meisten ausl\u00e4ndischen Investitionen in Ungarn aus Westeuropa stammen und die Offenheit der Regierung gegen\u00fcber ihren dortigen Partnern unter Beweis gestellt werden muss.<\/p>\n<p>Letzte Woche f\u00fchrte Magyar Gespr\u00e4che mit Wirtschaftsakteuren und Diplomaten, die f\u00fcr Wirtschaftspolitik in den Niederlanden und diese Woche in D\u00e4nemark zust\u00e4ndig sind Diese Partner k\u00f6nnen dazu beitragen, die Expansion d\u00e4nischer Unternehmen in Ungarn zu unterst\u00fctzen.<\/p>\n<p>Magyar sagte, d\u00e4nische Unternehmen h\u00e4tten in Ungarn mehr als 10.000 Arbeitspl\u00e4tze geschaffen und drei Unternehmen planten eine Expansion. Er f\u00fcgte hinzu, dass ungarische Landwirte im n\u00e4chsten Fr\u00fchjahr D\u00e4nemark besuchen w\u00fcrden, um die Landwirtschaft des Landes zu studieren, die auf dem R\u00fccken von nur 10.000 landwirtschaftlichen Betrieben floriert.<\/p>\n<p>Er sagte, die ungarisch-d\u00e4nischen politischen Beziehungen seien ausgewogen und die D\u00e4nische Volkspartei unterst\u00fctze Ungarns Ma\u00dfnahmen im Zusammenhang mit der Migration \u201cEs stimmt einfach nicht, dass Ungarn aufgrund dieser Ma\u00dfnahmen isoliert ist\u201d, sagte er.<\/p>\n","protected":false},"excerpt":{"rendered":"<p>Kopenhagen, 30. Oktober (MTI) \u2013 W\u00e4hrend Ungarn sich nach Osten und S\u00fcden \u00f6ffnet, einschlie\u00dflich Lateinamerika und Afrika, muss es in seiner wirtschaftlichen Au\u00dfenpolitik im Dialog mit dem Westen bleiben, sagte der Staatssekret\u00e4r f\u00fcr wirtschaftliche Diplomatie am Freitag nach Gespr\u00e4chen in Kopenhagen. Levente Magyar stellte fest, dass die meisten ausl\u00e4ndischen Investitionen in Ungarn aus Westeuropa stammen [&hellip;]<\/p>\n","protected":false},"author":2,"featured_media":763901,"comment_status":"open","ping_status":"open","sticky":false,"template":"","format":"standard","meta":{"_acf_changed":false,"_display_image":"","footnotes":""},"categories":[1081],"tags":[1169,1160,1082],"class_list":["post-763900","post","type-post","status-publish","format-standard","has-post-thumbnail","hentry","category-politik","tag-aussenministerium-von-ungarn","tag-besuch","tag-europaische-union"],"blocksy_meta":[],"acf":[],"author_username":"alk","telegram_post":"","public_post_metadata":{"breaking_news":"","important":"","csempe":"","center_tile":"","disable_thumbnail":"","target_lang":"","_featured_image_style":"","telegram_post":"","_xlat_group_id":""},"public_rank_math_data":{"title":"%title% %sep% %sitename%","description":"","focus_keyword":"","canonical_url":"","robots":"","primary_category":"1081","breadcrumb_title":"","facebook_title":"","facebook_description":"","facebook_image":"","facebook_image_id":"","twitter_title":"","twitter_description":"","twitter_image":"","twitter_image_id":"","twitter_card_type":"","twitter_use_facebook":"","advanced_robots":"","pillar_content":"","seo_score":"","contentai_score":"","rich_snippet":""},"_links":{"self":[{"href":"https:\/\/dailynewshungary.com\/de\/wp-json\/wp\/v2\/posts\/763900","targetHints":{"allow":["GET"]}}],"collection":[{"href":"https:\/\/dailynewshungary.com\/de\/wp-json\/wp\/v2\/posts"}],"about":[{"href":"https:\/\/dailynewshungary.com\/de\/wp-json\/wp\/v2\/types\/post"}],"author":[{"embeddable":true,"href":"https:\/\/dailynewshungary.com\/de\/wp-json\/wp\/v2\/users\/2"}],"replies":[{"embeddable":true,"href":"https:\/\/dailynewshungary.com\/de\/wp-json\/wp\/v2\/comments?post=763900"}],"version-history":[{"count":0,"href":"https:\/\/dailynewshungary.com\/de\/wp-json\/wp\/v2\/posts\/763900\/revisions"}],"wp:featuredmedia":[{"embeddable":true,"href":"https:\/\/dailynewshungary.com\/de\/wp-json\/wp\/v2\/media\/763901"}],"wp:attachment":[{"href":"https:\/\/dailynewshungary.com\/de\/wp-json\/wp\/v2\/media?parent=763900"}],"wp:term":[{"taxonomy":"category","embeddable":true,"href":"https:\/\/dailynewshungary.com\/de\/wp-json\/wp\/v2\/categories?post=763900"},{"taxonomy":"post_tag","embeddable":true,"href":"https:\/\/dailynewshungary.com\/de\/wp-json\/wp\/v2\/tags?post=763900"}],"curies":[{"name":"wp","href":"https:\/\/api.w.org\/{rel}","templated":true}]}}