{"id":764074,"date":"2015-10-23T16:34:39","date_gmt":"2015-10-23T14:34:39","guid":{"rendered":"https:\/\/dailynewshungary.com\/de\/die-regierung-unterstutzt-die-offentlich-rechtlichen-medien-bei-der-zahlung-ihrer-kredite\/"},"modified":"2015-10-23T16:34:39","modified_gmt":"2015-10-23T14:34:39","slug":"die-regierung-unterstutzt-die-offentlich-rechtlichen-medien-bei-der-zahlung-ihrer-kredite","status":"publish","type":"post","link":"https:\/\/dailynewshungary.com\/de\/die-regierung-unterstutzt-die-offentlich-rechtlichen-medien-bei-der-zahlung-ihrer-kredite\/","title":{"rendered":"Die Regierung unterst\u00fctzt die \u00f6ffentlich-rechtlichen Medien bei der Zahlung ihrer Kredite"},"content":{"rendered":"<p><strong>Die Regierung \u00fcbernimmt die Kapitalsumme des Media Services Support and Asset Management Fund (MTVA) in H\u00f6he von 35,57 Milliarden HUF-Immobilienfinanzierungen und sein laufendes Aktivdarlehen in H\u00f6he von 11,57 Milliarden HUF.<\/strong><\/p>\n<p>Auf diese Weise m\u00fcssen die \u00f6ffentlich-rechtlichen Medien jedes Jahr 9 Milliarden HUF weniger f\u00fcr Kredite zahlen, und im Gegenzug erh\u00e4lt die Regierung entweder den Hauptsitz des Ungarischen Rundfunks oder den ehemaligen Hauptsitz des Duna-Kanals zur\u00fcck, schrieb Vil\u00e1ggazdas\u00e1g am Montag, laut hvg.hu. Dieser Austausch k\u00f6nnte auch f\u00fcr die Regierung von Vorteil sein, da Nachl\u00e4sse Einnahmen generieren k\u00f6nnen.<\/p>\n<p>Der Regierungsbeschluss \u00fcber die Konsolidierung der \u00f6ffentlich-rechtlichen Medien ist fertig, ihm fehlt jedoch die \u00c4nderung des Zentralhaushaltsplans 2015, die voraussichtlich bis Mitte November erfolgen wirdDie Verhandlungen \u00fcber die Kredite und die Nachl\u00e4sse k\u00f6nnen nach Erlass der Novelle beginnen.<\/p>\n<p>Wenn die Regierung das Darlehen von MTVA \u00fcbernimmt, werden die Ausgaben der \u00f6ffentlich-rechtlichen Medien um 9 Milliarden HUF pro Jahr gesenkt: Das ist die H\u00f6he der Kapital- und Zinslast der Kredite.<\/p>\n<p>Die Regierung wird h\u00f6chstwahrscheinlich den Hauptsitz des Radios in der Br\u00f3dyS\u00e1ndor-Stra\u00dfe und den ehemaligen Hauptsitz des Duna-Kanals in der M\u00e9sz\u00e1ros-Stra\u00dfe zur\u00fcckerhalten.<\/p>\n<p>Die MTVA nimmt jedes Jahr eine Sch\u00e4tzung des Immobilienwerts vor; die letzte Bewertung erfolgte am 21. Januar 2015. Der Gesamtwert ihres Immobilienportfolios betrug 15 Milliarden HUF.-<\/p>\n<p><em>Basierend auf einem Artikel von <span style=\"color: #0000ff;\"><a style=\"color: #0000ff;\" href=\"http:\/\/hvg.hu\/gazdasag\/20151019_megszabaditjak_hiteleitol_a_kozmediat\" target=\"_blank\" rel=\"noopener\">hvg.hu<\/a><\/span><\/em><br \/>\n<em>\u00dcbersetzt von Adrienn Sain<\/em><\/p>\n","protected":false},"excerpt":{"rendered":"<p>Die Regierung \u00fcbernimmt die Kapitalsumme des Media Services Support and Asset Management Fund (MTVA) in H\u00f6he von 35,57 Milliarden HUF-Immobilienfinanzierungen und sein laufendes Aktivdarlehen in H\u00f6he von 11,57 Milliarden HUF. Auf diese Weise m\u00fcssen die \u00f6ffentlich-rechtlichen Medien jedes Jahr 9 Milliarden HUF weniger f\u00fcr Kredite zahlen, und im Gegenzug erh\u00e4lt die Regierung entweder den Hauptsitz [&hellip;]<\/p>\n","protected":false},"author":2,"featured_media":764075,"comment_status":"open","ping_status":"open","sticky":false,"template":"","format":"standard","meta":{"_acf_changed":false,"_display_image":"","footnotes":""},"categories":[1281],"tags":[1066],"class_list":["post-764074","post","type-post","status-publish","format-standard","has-post-thumbnail","hentry","category-geschaft","tag-hungary"],"blocksy_meta":[],"acf":[],"author_username":"alk","telegram_post":"","public_post_metadata":{"breaking_news":"","important":"","csempe":"","center_tile":"","disable_thumbnail":"","target_lang":"","_featured_image_style":"","telegram_post":"","_xlat_group_id":""},"public_rank_math_data":{"title":"%title% %sep% %sitename%","description":"","focus_keyword":"","canonical_url":"","robots":"","primary_category":"1281","breadcrumb_title":"","facebook_title":"","facebook_description":"","facebook_image":"","facebook_image_id":"","twitter_title":"","twitter_description":"","twitter_image":"","twitter_image_id":"","twitter_card_type":"","twitter_use_facebook":"","advanced_robots":"","pillar_content":"","seo_score":"","contentai_score":"","rich_snippet":""},"_links":{"self":[{"href":"https:\/\/dailynewshungary.com\/de\/wp-json\/wp\/v2\/posts\/764074","targetHints":{"allow":["GET"]}}],"collection":[{"href":"https:\/\/dailynewshungary.com\/de\/wp-json\/wp\/v2\/posts"}],"about":[{"href":"https:\/\/dailynewshungary.com\/de\/wp-json\/wp\/v2\/types\/post"}],"author":[{"embeddable":true,"href":"https:\/\/dailynewshungary.com\/de\/wp-json\/wp\/v2\/users\/2"}],"replies":[{"embeddable":true,"href":"https:\/\/dailynewshungary.com\/de\/wp-json\/wp\/v2\/comments?post=764074"}],"version-history":[{"count":0,"href":"https:\/\/dailynewshungary.com\/de\/wp-json\/wp\/v2\/posts\/764074\/revisions"}],"wp:featuredmedia":[{"embeddable":true,"href":"https:\/\/dailynewshungary.com\/de\/wp-json\/wp\/v2\/media\/764075"}],"wp:attachment":[{"href":"https:\/\/dailynewshungary.com\/de\/wp-json\/wp\/v2\/media?parent=764074"}],"wp:term":[{"taxonomy":"category","embeddable":true,"href":"https:\/\/dailynewshungary.com\/de\/wp-json\/wp\/v2\/categories?post=764074"},{"taxonomy":"post_tag","embeddable":true,"href":"https:\/\/dailynewshungary.com\/de\/wp-json\/wp\/v2\/tags?post=764074"}],"curies":[{"name":"wp","href":"https:\/\/api.w.org\/{rel}","templated":true}]}}