{"id":764110,"date":"2015-10-22T11:03:09","date_gmt":"2015-10-22T09:03:09","guid":{"rendered":"https:\/\/dailynewshungary.com\/de\/wirtschaftliche-investitionen-im-fokus-fur-den-forderzeitraum-2014-2020-sagt-lazar\/"},"modified":"2015-10-22T11:03:09","modified_gmt":"2015-10-22T09:03:09","slug":"wirtschaftliche-investitionen-im-fokus-fur-den-forderzeitraum-2014-2020-sagt-lazar","status":"publish","type":"post","link":"https:\/\/dailynewshungary.com\/de\/wirtschaftliche-investitionen-im-fokus-fur-den-forderzeitraum-2014-2020-sagt-lazar\/","title":{"rendered":"Wirtschaftliche Investitionen im Fokus f\u00fcr den F\u00f6rderzeitraum 2014-2020, sagt Lazar"},"content":{"rendered":"<p><strong>Budapest (MTI) (Das Hauptziel Ungarns in der Finanzperiode 2014-2020 der Europ\u00e4ischen Union besteht darin, seine Wirtschaft wieder auf einen stetigen Wachstumspfad zu bringen, sagte Regierungsamtsleiter Janos Lazar bei einem Treffen in der Industrie- und Handelskammer.<\/strong><\/p>\n<p>Die Regierung werde k\u00fcnftig die Wirtschaftsakteure konsultieren, bevor sie Ausschreibungen ver\u00f6ffentlicht, sagte Lazar. Die Mittel m\u00fcssten im Zeitraum 2014-2020 \u201cg\u00fcnstiger, schneller und einfacher\u201d zur Verf\u00fcgung stehen, sagte er und f\u00fcgte hinzu, dass daf\u00fcr viel B\u00fcrokratie abgebaut werden m\u00fcsse, einschlie\u00dflich einer \u00c4nderung der Bauvorschriften, der Steuer- und Verwaltungsvorschriften. Er sagte, dass auch eine st\u00e4ndige \u00dcberwachung und R\u00fcckmeldung erforderlich seien.<\/p>\n<p>Er sagte, die Regierung habe bereits im Zyklus 2014-2020 Ausschreibungen f\u00fcr EU-Mittel im Wert von 1.000 Milliarden Forint ver\u00f6ffentlicht und weitere 1.000 Milliarden Forint w\u00fcrden bald ebenfalls zur Ausschreibung anstehen. Die Regierung werde es Unternehmen erm\u00f6glichen, 50 Prozent der Zusch\u00fcsse und Kredite im Voraus zu erhalten, und werde auch die Regeln f\u00fcr Garantien und Sicherheiten lockern.<\/p>\n<p><em>Foto: MTI<\/em><\/p>\n","protected":false},"excerpt":{"rendered":"<p>Budapest (MTI) (Das Hauptziel Ungarns in der Finanzperiode 2014-2020 der Europ\u00e4ischen Union besteht darin, seine Wirtschaft wieder auf einen stetigen Wachstumspfad zu bringen, sagte Regierungsamtsleiter Janos Lazar bei einem Treffen in der Industrie- und Handelskammer. Die Regierung werde k\u00fcnftig die Wirtschaftsakteure konsultieren, bevor sie Ausschreibungen ver\u00f6ffentlicht, sagte Lazar. Die Mittel m\u00fcssten im Zeitraum 2014-2020 \u201cg\u00fcnstiger, [&hellip;]<\/p>\n","protected":false},"author":3,"featured_media":764111,"comment_status":"open","ping_status":"open","sticky":false,"template":"","format":"standard","meta":{"_acf_changed":false,"_display_image":"","footnotes":""},"categories":[1281],"tags":[1082,1118,1104],"class_list":["post-764110","post","type-post","status-publish","format-standard","has-post-thumbnail","hentry","category-geschaft","tag-europaische-union","tag-geld","tag-wirtschaft"],"blocksy_meta":[],"acf":[],"author_username":"becsi","telegram_post":"","public_post_metadata":{"breaking_news":"","important":"","csempe":"","center_tile":"","disable_thumbnail":"","target_lang":"","_featured_image_style":"","telegram_post":"","_xlat_group_id":""},"public_rank_math_data":{"title":"%title% %sep% %sitename%","description":"","focus_keyword":"","canonical_url":"","robots":"","primary_category":"1281","breadcrumb_title":"","facebook_title":"","facebook_description":"","facebook_image":"","facebook_image_id":"","twitter_title":"","twitter_description":"","twitter_image":"","twitter_image_id":"","twitter_card_type":"","twitter_use_facebook":"","advanced_robots":"","pillar_content":"","seo_score":"","contentai_score":"","rich_snippet":""},"_links":{"self":[{"href":"https:\/\/dailynewshungary.com\/de\/wp-json\/wp\/v2\/posts\/764110","targetHints":{"allow":["GET"]}}],"collection":[{"href":"https:\/\/dailynewshungary.com\/de\/wp-json\/wp\/v2\/posts"}],"about":[{"href":"https:\/\/dailynewshungary.com\/de\/wp-json\/wp\/v2\/types\/post"}],"author":[{"embeddable":true,"href":"https:\/\/dailynewshungary.com\/de\/wp-json\/wp\/v2\/users\/3"}],"replies":[{"embeddable":true,"href":"https:\/\/dailynewshungary.com\/de\/wp-json\/wp\/v2\/comments?post=764110"}],"version-history":[{"count":0,"href":"https:\/\/dailynewshungary.com\/de\/wp-json\/wp\/v2\/posts\/764110\/revisions"}],"wp:featuredmedia":[{"embeddable":true,"href":"https:\/\/dailynewshungary.com\/de\/wp-json\/wp\/v2\/media\/764111"}],"wp:attachment":[{"href":"https:\/\/dailynewshungary.com\/de\/wp-json\/wp\/v2\/media?parent=764110"}],"wp:term":[{"taxonomy":"category","embeddable":true,"href":"https:\/\/dailynewshungary.com\/de\/wp-json\/wp\/v2\/categories?post=764110"},{"taxonomy":"post_tag","embeddable":true,"href":"https:\/\/dailynewshungary.com\/de\/wp-json\/wp\/v2\/tags?post=764110"}],"curies":[{"name":"wp","href":"https:\/\/api.w.org\/{rel}","templated":true}]}}