{"id":764253,"date":"2015-10-16T19:10:21","date_gmt":"2015-10-16T17:10:21","guid":{"rendered":"https:\/\/dailynewshungary.com\/de\/der-eisenbahnterminal-budapest-deli-ist-am-wochenende-geschlossen\/"},"modified":"2015-10-16T19:10:21","modified_gmt":"2015-10-16T17:10:21","slug":"der-eisenbahnterminal-budapest-deli-ist-am-wochenende-geschlossen","status":"publish","type":"post","link":"https:\/\/dailynewshungary.com\/de\/der-eisenbahnterminal-budapest-deli-ist-am-wochenende-geschlossen\/","title":{"rendered":"Der Eisenbahnterminal Budapest-D\u00e9li ist am Wochenende geschlossen"},"content":{"rendered":"<p><b>Der Eisenbahnterminal Budapest-D\u00e9li ist am Wochenende geschlossen und an der 7<\/b><b>th<\/b><b> und 8<\/b><b>th<\/b><b> November f\u00fcr die Instandhaltung; sie betrifft nur den Bahnterminal Budapest-Deli und Abschnitt Kelenf\u00f6ld Z\u00fcge, die am Bahnhof D\u00e9li abfahren\/ankommen w\u00fcrden, werden in Kelenf\u00f6ld abfahren\/ankommen.<\/b><\/p>\n<p><span style=\"font-weight: 400;\">Der Agram InterCity Richtung Gy\u00e9k\u00e9nyes wird an beiden Wochenenden vom Keleti Railway Terminal abfahren, Z\u00fcge aus Richtung Gy\u00e9k\u00e9nyes kommen jedoch in Kelenf\u00f6ld an. Der G\u00f6csej InterCity Richtung Zalaegerszeg f\u00e4hrt von Kelenf\u00f6ld ab, Z\u00fcge aus Zalaegerszeg kommen jedoch am Keleti Railway Terminal an Sonntags ist der letzte Halt des Hettej InterCity von Zalaegerszeg nach Budapest der Keleti Railway Terminal. <\/span><\/p>\n<p><span style=\"font-weight: 400;\">Auf der 7<\/span><span style=\"font-weight: 400;\">th<\/span><span style=\"font-weight: 400;\"> und 8<\/span><span style=\"font-weight: 400;\">th<\/span><span style=\"font-weight: 400;\"> November<\/span> <span style=\"font-weight: 400;\">Die<\/span> <span style=\"font-weight: 400;\">Citadella EuroCity wird vom Keleti Railway Terminal abfahren und auch dort ankommen Weitere Informationen finden Sie auf der Website von M\u00c1V, der Vonatinf\u00f3-Anwendung, oder rufen Sie M\u00e1vdirekt unter 06-40\/49-49-49 an.<\/span><\/p>\n<p><i><span style=\"font-weight: 400;\">Basierend auf einem Artikel von <span style=\"color: #0000ff;\"><a style=\"color: #0000ff;\" href=\"http:\/\/hvg.hu\/itthon\/20151014_senki_se_keressen_vonatokat_ket_hetvegen\" target=\"_blank\" rel=\"noopener\">hvg.hu<\/a><\/span><\/span><\/i> <span style=\"font-weight: 400;\"><br \/>\n<\/span><i><span style=\"font-weight: 400;\">\u00dcbersetzt von Adrienn Sain<\/span><\/i><\/p>\n","protected":false},"excerpt":{"rendered":"<p>Der Eisenbahnterminal Budapest-D\u00e9li ist am Wochenende geschlossen und an der 7th und 8th November f\u00fcr die Instandhaltung; sie betrifft nur den Bahnterminal Budapest-Deli und Abschnitt Kelenf\u00f6ld Z\u00fcge, die am Bahnhof D\u00e9li abfahren\/ankommen w\u00fcrden, werden in Kelenf\u00f6ld abfahren\/ankommen. Der Agram InterCity Richtung Gy\u00e9k\u00e9nyes wird an beiden Wochenenden vom Keleti Railway Terminal abfahren, Z\u00fcge aus Richtung Gy\u00e9k\u00e9nyes [&hellip;]<\/p>\n","protected":false},"author":2,"featured_media":764254,"comment_status":"open","ping_status":"open","sticky":false,"template":"","format":"standard","meta":{"_acf_changed":false,"_display_image":"","footnotes":""},"categories":[1098],"tags":[1297],"class_list":["post-764253","post","type-post","status-publish","format-standard","has-post-thumbnail","hentry","category-gesellschaft","tag-transport"],"blocksy_meta":[],"acf":[],"author_username":"alk","telegram_post":"","public_post_metadata":{"breaking_news":"","important":"","csempe":"","center_tile":"","disable_thumbnail":"","target_lang":"","_featured_image_style":"","telegram_post":"","_xlat_group_id":""},"public_rank_math_data":{"title":"%title% %sep% %sitename%","description":"","focus_keyword":"","canonical_url":"","robots":"","primary_category":"1098","breadcrumb_title":"","facebook_title":"","facebook_description":"","facebook_image":"","facebook_image_id":"","twitter_title":"","twitter_description":"","twitter_image":"","twitter_image_id":"","twitter_card_type":"","twitter_use_facebook":"","advanced_robots":"","pillar_content":"","seo_score":"","contentai_score":"","rich_snippet":""},"_links":{"self":[{"href":"https:\/\/dailynewshungary.com\/de\/wp-json\/wp\/v2\/posts\/764253","targetHints":{"allow":["GET"]}}],"collection":[{"href":"https:\/\/dailynewshungary.com\/de\/wp-json\/wp\/v2\/posts"}],"about":[{"href":"https:\/\/dailynewshungary.com\/de\/wp-json\/wp\/v2\/types\/post"}],"author":[{"embeddable":true,"href":"https:\/\/dailynewshungary.com\/de\/wp-json\/wp\/v2\/users\/2"}],"replies":[{"embeddable":true,"href":"https:\/\/dailynewshungary.com\/de\/wp-json\/wp\/v2\/comments?post=764253"}],"version-history":[{"count":0,"href":"https:\/\/dailynewshungary.com\/de\/wp-json\/wp\/v2\/posts\/764253\/revisions"}],"wp:featuredmedia":[{"embeddable":true,"href":"https:\/\/dailynewshungary.com\/de\/wp-json\/wp\/v2\/media\/764254"}],"wp:attachment":[{"href":"https:\/\/dailynewshungary.com\/de\/wp-json\/wp\/v2\/media?parent=764253"}],"wp:term":[{"taxonomy":"category","embeddable":true,"href":"https:\/\/dailynewshungary.com\/de\/wp-json\/wp\/v2\/categories?post=764253"},{"taxonomy":"post_tag","embeddable":true,"href":"https:\/\/dailynewshungary.com\/de\/wp-json\/wp\/v2\/tags?post=764253"}],"curies":[{"name":"wp","href":"https:\/\/api.w.org\/{rel}","templated":true}]}}