{"id":764311,"date":"2015-10-14T21:13:51","date_gmt":"2015-10-14T19:13:51","guid":{"rendered":"https:\/\/dailynewshungary.com\/de\/mol-chef-hernadi-trifft-trotz-interpol-verbot-den-omv-manager-in-wien\/"},"modified":"2015-10-14T21:13:51","modified_gmt":"2015-10-14T19:13:51","slug":"mol-chef-hernadi-trifft-trotz-interpol-verbot-den-omv-manager-in-wien","status":"publish","type":"post","link":"https:\/\/dailynewshungary.com\/de\/mol-chef-hernadi-trifft-trotz-interpol-verbot-den-omv-manager-in-wien\/","title":{"rendered":"MOL-Chef Hern\u00e1di trifft trotz Interpol-Verbot den OMV-Manager in Wien"},"content":{"rendered":"<p><strong>Budapest, 14. Oktober (MTI) \u2013 Zsolt Hern\u00e1di, Vorstandsvorsitzender des ungarischen \u00d6l- und Gasunternehmens MOL, f\u00fchrte am Mittwoch in Wien Gespr\u00e4che mit Rainer Seele, dem Chef des \u00f6sterreichischen Kollegen OMV, sagten Marktteilnehmer gegen\u00fcber MTI.<\/strong><\/p>\n<p>MOL best\u00e4tigte Hernadis Besuch bei MTI und sagte, er halte sich legal in \u00d6sterreich auf und habe in den letzten Monaten auch mehrere offizielle Reisen nach Deutschland unternommen.<\/p>\n<p>Hern\u00e1di wurde im Februar dieses Jahres erneut auf die Fahndungsliste von Interpol gesetzt. Auf der Liste zu stehen bedeutet, dass jedes Mitglied von Interpol, auch \u00d6sterreich, ihn in Gewahrsam nehmen und in das Land zur\u00fcckbringen muss, in dem er urspr\u00fcnglich gesucht wird, in diesem Fall Kroatien.<\/p>\n<p>Hernadis Name wurde erstmals in die Liste aufgenommen, nachdem die kroatische Polizei 2013 einen Haftbefehl gegen ihn wegen des Verdachts erlassen hatte, er habe den ehemaligen Premierminister Ivo Sanader bestochen, um MOL-Verwaltungsrechte im kroatischen Peer INA zu verleihen. Sein Name wurde 2014 entfernt, nachdem sein Fall von der Kommission zur Kontrolle der Interpol-Akten gepr\u00fcft worden war. Hern\u00e1di wurde vor einem ungarischen Gericht von den Anklagen freigesprochen.<\/p>\n<p>Zu einem dreij\u00e4hrigen Konflikt um INA geh\u00f6rten gegenseitige Schlichtungsklagen wegen Managementrechten und mutma\u00dflichen Vertragsverletzungen der kroatischen Regierung, ein Bestechungsurteil des Obersten Gerichtshofs Kroatiens gegen Sanader wegen seiner Rolle beim Verkauf von INA und Anklagen wegen Bestechung vor einem kroatischen Gericht gegen Hern\u00e1di, was er bestreitet.<\/p>\n","protected":false},"excerpt":{"rendered":"<p>Budapest, 14. Oktober (MTI) \u2013 Zsolt Hern\u00e1di, Vorstandsvorsitzender des ungarischen \u00d6l- und Gasunternehmens MOL, f\u00fchrte am Mittwoch in Wien Gespr\u00e4che mit Rainer Seele, dem Chef des \u00f6sterreichischen Kollegen OMV, sagten Marktteilnehmer gegen\u00fcber MTI. MOL best\u00e4tigte Hernadis Besuch bei MTI und sagte, er halte sich legal in \u00d6sterreich auf und habe in den letzten Monaten auch [&hellip;]<\/p>\n","protected":false},"author":2,"featured_media":764312,"comment_status":"open","ping_status":"open","sticky":false,"template":"","format":"standard","meta":{"_acf_changed":false,"_display_image":"","footnotes":""},"categories":[1281],"tags":[1465,3605,1199,1206],"class_list":["post-764311","post","type-post","status-publish","format-standard","has-post-thumbnail","hentry","category-geschaft","tag-austria","tag-interpol","tag-kroatien","tag-mol"],"blocksy_meta":[],"acf":[],"author_username":"alk","telegram_post":"","public_post_metadata":{"breaking_news":"","important":"","csempe":"","center_tile":"","disable_thumbnail":"","target_lang":"","_featured_image_style":"","telegram_post":"","_xlat_group_id":""},"public_rank_math_data":{"title":"%title% %sep% %sitename%","description":"","focus_keyword":"INA","canonical_url":"","robots":"","primary_category":"1281","breadcrumb_title":"","facebook_title":"","facebook_description":"","facebook_image":"","facebook_image_id":"","twitter_title":"","twitter_description":"","twitter_image":"","twitter_image_id":"","twitter_card_type":"","twitter_use_facebook":"","advanced_robots":"","pillar_content":"","seo_score":"15","contentai_score":"","rich_snippet":""},"_links":{"self":[{"href":"https:\/\/dailynewshungary.com\/de\/wp-json\/wp\/v2\/posts\/764311","targetHints":{"allow":["GET"]}}],"collection":[{"href":"https:\/\/dailynewshungary.com\/de\/wp-json\/wp\/v2\/posts"}],"about":[{"href":"https:\/\/dailynewshungary.com\/de\/wp-json\/wp\/v2\/types\/post"}],"author":[{"embeddable":true,"href":"https:\/\/dailynewshungary.com\/de\/wp-json\/wp\/v2\/users\/2"}],"replies":[{"embeddable":true,"href":"https:\/\/dailynewshungary.com\/de\/wp-json\/wp\/v2\/comments?post=764311"}],"version-history":[{"count":0,"href":"https:\/\/dailynewshungary.com\/de\/wp-json\/wp\/v2\/posts\/764311\/revisions"}],"wp:featuredmedia":[{"embeddable":true,"href":"https:\/\/dailynewshungary.com\/de\/wp-json\/wp\/v2\/media\/764312"}],"wp:attachment":[{"href":"https:\/\/dailynewshungary.com\/de\/wp-json\/wp\/v2\/media?parent=764311"}],"wp:term":[{"taxonomy":"category","embeddable":true,"href":"https:\/\/dailynewshungary.com\/de\/wp-json\/wp\/v2\/categories?post=764311"},{"taxonomy":"post_tag","embeddable":true,"href":"https:\/\/dailynewshungary.com\/de\/wp-json\/wp\/v2\/tags?post=764311"}],"curies":[{"name":"wp","href":"https:\/\/api.w.org\/{rel}","templated":true}]}}